{"id":17556,"date":"2013-02-01T15:56:29","date_gmt":"2013-02-01T14:56:29","guid":{"rendered":"https:\/\/www.eamel.net\/blog\/unmacht"},"modified":"2023-01-27T18:24:23","modified_gmt":"2023-01-27T17:24:23","slug":"unmacht-onmacht","status":"publish","type":"post","link":"http:\/\/www.eamel.net\/blog\/2013\/02\/01\/unmacht-onmacht\/","title":{"rendered":"\u00dbnmacht | Onmacht"},"content":{"rendered":"<hr \/>\n<div class=\"gca-column one-half first\"><div style=\"background-color: #6495ed;\">\n<p><img loading=\"lazy\" decoding=\"async\" class=\"aligncenter size-full wp-image-65598\" src=\"https:\/\/www.eamel.net\/blog\/wp-content\/uploads\/2020\/05\/blauw-balkje.jpg\" alt=\"\" width=\"350\" height=\"23\" srcset=\"https:\/\/www.eamel.net\/blog\/wp-content\/uploads\/2020\/05\/blauw-balkje.jpg 350w, https:\/\/www.eamel.net\/blog\/wp-content\/uploads\/2020\/05\/blauw-balkje-300x20.jpg 300w\" sizes=\"auto, (max-width: 350px) 100vw, 350px\" \/><\/p>\n<p><span style=\"color: #ffffff;\"><img loading=\"lazy\" decoding=\"async\" class=\"wp-image-70929 size-full alignleft\" style=\"border: 0px; margin: 0px;\" src=\"https:\/\/www.eamel.net\/blog\/wp-content\/uploads\/2013\/02\/agedpeople1.jpg\" alt=\"\" width=\"150\" height=\"156\"\/><span class=\"wpsdc-drop-cap\">\u00da<\/span>s&nbsp;heit (84) sit fol mei plannen. Elke dei opnij.<\/span><\/p>\n<p><span style=\"color: #ffffff;\">Sa wol hij graach&nbsp;in boatsje ha en dan&nbsp;\u00fat&nbsp;farren gean.<\/span><\/p>\n<p><span style=\"color: #ffffff;\">\u00das heit wol mei de bus nei <em>Kroati\u00eb<\/em>. Der hat hij nog nea west.<\/span><\/p>\n<p><span style=\"color: #ffffff;\">\u00das heit wol ek in brommer. In scooter, dat mei ek. Sa dat \u00fas mem stjoere kin. En hij dan achterop.<\/span><\/p>\n<p><span style=\"color: #ffffff;\">\u00das&nbsp;heit wol op 'e fyts nei <em>Skierm\u00fbntseach;<\/em>&nbsp;allinnich (\"<em>Dyn mem haldt net fan kampearje.<\/em>\"), fan <em>It Lauwerseach&nbsp;<\/em>nei <em>It Hearrenfean<\/em>.<\/span><\/p>\n<p><span style=\"color: #ffffff;\">\u00das&nbsp;heit wol graach in&nbsp;<em>avensearstoel<\/em>. Dan kin hij&nbsp;nei&nbsp;it doarp.<\/span><\/p>\n<p><span style=\"color: #ffffff;\">\u00das&nbsp;heit wol ek in herdersh\u00fbn. Sa 'n grutte D\u00fatse wer hij dan mei boartsje kin.<\/span><\/p>\n<p><span style=\"color: #ffffff;\">\u00das&nbsp;heit wol wer saken dwaan; flaggen ferkeapje oan in skoalle of sa. Want<em>&nbsp;\"der sit handel yn.<\/em>\"<\/span><\/p>\n<p><span style=\"color: #ffffff;\">\u00das&nbsp;heit wol ek in&nbsp;<em>websjop<\/em> ha. Der kin hij de r\u00east&nbsp;dan kwyt.<\/span><\/p>\n<p><span style=\"line-height: 19px; color: #ffffff;\">En as it kin wol \u00fas&nbsp;heit in operaasje oan de eagen. Dan kin hij wer goed sjen.&nbsp;<\/span><\/p>\n<p><span style=\"line-height: 19px; color: #ffffff;\">Mar \u00fas&nbsp;heit, hij kin net mear. Hij sliept, hij yt en kr\u00fbpt yn de&nbsp;TV. Want \u00fas&nbsp;heit, hij sjocht neat mear en it hearren giet allikemin.<\/span><\/p>\n<p><span style=\"color: #ffffff;\">\u00das heit, hij wol sa graach mar dat wurdt wierskynlik moarn. <\/span><span style=\"color: #ffffff;\">Hij is no miskien wol&nbsp;sl\u00fbch mar de wil is noch net ferstoan.<\/span><\/p>\n<p><img loading=\"lazy\" decoding=\"async\" class=\"aligncenter size-full wp-image-65598\" src=\"https:\/\/www.eamel.net\/blog\/wp-content\/uploads\/2020\/05\/blauw-balkje.jpg\" alt=\"\" width=\"350\" height=\"23\" srcset=\"https:\/\/www.eamel.net\/blog\/wp-content\/uploads\/2020\/05\/blauw-balkje.jpg 350w, https:\/\/www.eamel.net\/blog\/wp-content\/uploads\/2020\/05\/blauw-balkje-300x20.jpg 300w\" sizes=\"auto, (max-width: 350px) 100vw, 350px\" \/><\/div><\/div>\n<div class=\"gca-column one-half\"><img loading=\"lazy\" decoding=\"async\" class=\"aligncenter size-full wp-image-70791\" src=\"https:\/\/www.eamel.net\/blog\/wp-content\/uploads\/2021\/01\/witbalkjebowie.png\" alt=\"\" width=\"450\" height=\"25\" srcset=\"https:\/\/www.eamel.net\/blog\/wp-content\/uploads\/2021\/01\/witbalkjebowie.png 450w, https:\/\/www.eamel.net\/blog\/wp-content\/uploads\/2021\/01\/witbalkjebowie-300x17.png 300w\" sizes=\"auto, (max-width: 450px) 100vw, 450px\" \/><img loading=\"lazy\" decoding=\"async\" class=\"alignleft\" style=\"border: 0px; margin: 0px;\" src=\"https:\/\/www.eamel.net\/blog\/wp-content\/uploads\/2013\/02\/agedpeople.jpg\" alt=\"agedpeople\" width=\"150\" height=\"156\"\/><\/p>\n<span class=\"wpsdc-drop-cap\">P<\/span>a (84) zit vol met plannen. Elke dag opnieuw.<\/p>\n<p>Zo wil hij graag een bootje hebben en dan uit varen gaan.<\/p>\n<p><span style=\"line-height: 19px;\">Pa wil met de bus naar <\/span><em><span style=\"line-height: 19px;\">Kroati\u00eb<\/span><\/em><span style=\"line-height: 19px;\">. Daar is hij nog nooit geweest.<\/span><\/p>\n<p>Pa wil ook een brommer. Een scooter, dat mag ook. Zodat mijn moeder sturen kan. En hij dan achterop.<\/p>\n<p><span style=\"line-height: 19px;\">Pa wil op de fiets naar <em>Schiermonnikoog;<\/em>&nbsp;alleen (\"<em>Je moeder houdt niet van kamperen.<\/em>\"), van <em>Lauwersoog<\/em>&nbsp;naar <em>Heerenveen<\/em>.&nbsp;<\/span><\/p>\n<p><span style=\"line-height: 19px;\">Pa wil graag een scootmobiel. Dan kan hij naar 't dorp.<\/span><\/p>\n<p>Pa wil ook een herdershond. Zo'n grote Duitse waar hij dan mee spelen kan.<\/p>\n<p>Pa wil weer zaken doen; vlaggen verkopen aan een school of zo. Want \"<em>daar zit handel in.<\/em>\"<\/p>\n<p>Pa wil ook een <em>webshop<\/em> hebben. Daar kan hij de rest dan kwijt.<\/p>\n<p>En als het kan wil pa een operatie aan de ogen. Dan kan hij weer goed zien.<\/p>\n<p><span style=\"line-height: 19px;\">Maar pa, hij kan niet meer. Hij slaapt, hij eet en kruipt in de TV. Want pa, hij ziet niets meer en hoort al evenmin.<\/span><\/p>\n<p>Pa, hij wil zo graag maar dat wordt waarschijnlijk morgen. Want moe mag hij dan misschien wel zijn, de wil is nog niet vergaan.<\/p><\/div><div class=\"gca-utility clearfix\"><\/div>\n<hr \/>\n<p><!--more--><\/p>\n<p><img loading=\"lazy\" decoding=\"async\" class=\"aligncenter wp-image-52777\" src=\"https:\/\/www.eamel.net\/blog\/wp-content\/uploads\/2013\/02\/deitpuzzel.jpg\" alt=\"\" width=\"1280\" height=\"851\" srcset=\"https:\/\/www.eamel.net\/blog\/wp-content\/uploads\/2013\/02\/deitpuzzel.jpg 800w, https:\/\/www.eamel.net\/blog\/wp-content\/uploads\/2013\/02\/deitpuzzel-300x200.jpg 300w, https:\/\/www.eamel.net\/blog\/wp-content\/uploads\/2013\/02\/deitpuzzel-636x423.jpg 636w, https:\/\/www.eamel.net\/blog\/wp-content\/uploads\/2013\/02\/deitpuzzel-600x399.jpg 600w\" sizes=\"auto, (max-width: 1280px) 100vw, 1280px\" \/><\/p>\n<p><strong>UPDATE 12 JULI 2019:<\/strong> <em><span style=\"text-decoration: underline;\"><a rel=\"noopener noreferrer\" href=\"https:\/\/www.eamel.net\/blog\/2019\/07\/12\/dag-deit\/\" target=\"_blank\">Dag, Deit<\/a><\/span> <\/em>&#8230; &#x1f622;<\/p>\n","protected":false},"excerpt":{"rendered":"","protected":false},"author":1,"featured_media":78800,"comment_status":"open","ping_status":"open","sticky":false,"template":"","format":"standard","meta":{"_acf_changed":false,"wikipediapreview_detectlinks":true,"passster_activate_protection":null,"passster_protect_child_pages":"","passster_protection_type":"password","passster_password":"","passster_passwords":"","passster_password_list":"","passster_password_lists":"","passster_activate_user_restriction":"","passster_user_restriction_type":"user-role","passster_user_restriction":"no-role","passster_activate_overwrite_defaults":"","passster_headline":"","passster_instruction":"","passster_placeholder":"","passster_button":"","passster_id":"","passster_activate_misc_settings":"","passster_redirect_url":"","passster_hide":"no","passster_area_shortcode":"","ngg_post_thumbnail":0,"footnotes":""},"categories":[1626,1026,1062,1194,18,219,52,863,907,1092,101,42],"tags":[1629,1370,1120,1144,1159,1162],"class_list":["post-17556","post","type-post","status-publish","format-standard","has-post-thumbnail","hentry","category-1626","category-animated-gif","category-ausxserieux","category-de-leafde","category-famylje","category-frysk","category-Mooi-kudt","category-oars","category-sfeer-en-sa","category-weemoed-en-melancholie","category-wier-bard","category-zucht","tag-1629","tag-deit","tag-famylje","tag-mooi-kudt","tag-weemoed-en-melancholie","tag-zucht"],"acf":[],"_links":{"self":[{"href":"https:\/\/www.eamel.net\/blog\/wp-json\/wp\/v2\/posts\/17556","targetHints":{"allow":["GET"]}}],"collection":[{"href":"https:\/\/www.eamel.net\/blog\/wp-json\/wp\/v2\/posts"}],"about":[{"href":"https:\/\/www.eamel.net\/blog\/wp-json\/wp\/v2\/types\/post"}],"author":[{"embeddable":true,"href":"https:\/\/www.eamel.net\/blog\/wp-json\/wp\/v2\/users\/1"}],"replies":[{"embeddable":true,"href":"https:\/\/www.eamel.net\/blog\/wp-json\/wp\/v2\/comments?post=17556"}],"version-history":[{"count":0,"href":"https:\/\/www.eamel.net\/blog\/wp-json\/wp\/v2\/posts\/17556\/revisions"}],"wp:featuredmedia":[{"embeddable":true,"href":"https:\/\/www.eamel.net\/blog\/wp-json\/wp\/v2\/media\/78800"}],"wp:attachment":[{"href":"https:\/\/www.eamel.net\/blog\/wp-json\/wp\/v2\/media?parent=17556"}],"wp:term":[{"taxonomy":"category","embeddable":true,"href":"https:\/\/www.eamel.net\/blog\/wp-json\/wp\/v2\/categories?post=17556"},{"taxonomy":"post_tag","embeddable":true,"href":"https:\/\/www.eamel.net\/blog\/wp-json\/wp\/v2\/tags?post=17556"}],"curies":[{"name":"wp","href":"https:\/\/api.w.org\/{rel}","templated":true}]}}