{"id":2200,"date":"2009-12-17T10:25:00","date_gmt":"2009-12-17T09:25:00","guid":{"rendered":"https:\/\/www.eamel.net\/blog\/sneeuw"},"modified":"2021-12-18T00:32:37","modified_gmt":"2021-12-17T23:32:37","slug":"sneeuw-2","status":"publish","type":"post","link":"http:\/\/www.eamel.net\/blog\/2009\/12\/17\/sneeuw-2\/","title":{"rendered":"Sneeuw!"},"content":{"rendered":"<hr \/>\n<p>&nbsp;<\/p>\n<p style=\"padding-left: 40px;\"><span style=\"font-family: Pacifico; font-size: 45pt; color: #99ccff;\">O<\/span>mdat ook mijn tuin niet verschoond is gebleven van dat <span style=\"text-decoration: underline;\"><a title=\"sneeuw!\" rel=\"noopener\" href=\"http:\/\/www.nu.nl\/binnenland\/2145976\/verkeerschaos-sneeuwval.html\" target=\"_blank\">witte goedje<\/a><\/span> maar w\u00e9l een wonderschoon beeld oplevert, kan ik niet anders dan \u00e9\u00e9n en ander te vereeuwigen opdat wij <span style=\"text-decoration: underline;\"><a title=\"zomer @ eamel's\" rel=\"noopener\" href=\"https:\/\/www.eamel.net\/blog\/hof-van-heden\/\" target=\"_blank\">straks<\/a><\/span>, al puffend en zwetend, met enige verwondering ende genoegen terug kunnen kijken op <em>Anton Pieck<\/em>-ische sferen.<\/p>\n<p style=\"padding-left: 40px;\">Dat wat was maar niet meer is&#8230;<\/p>\n<p>&nbsp;<\/p>\n<hr \/>\n<p><!--more--><\/p>\n<p><em><span style=\"text-decoration: underline;\"><img loading=\"lazy\" decoding=\"async\" class=\"aligncenter size-full wp-image-15390\" src=\"https:\/\/www.eamel.net\/blog\/wp-content\/uploads\/1970\/01\/sneeuw_groot.jpg\" alt=\"\" width=\"1024\" height=\"2911\" srcset=\"https:\/\/www.eamel.net\/blog\/wp-content\/uploads\/1970\/01\/sneeuw_groot.jpg 1024w, https:\/\/www.eamel.net\/blog\/wp-content\/uploads\/1970\/01\/sneeuw_groot-106x300.jpg 106w, https:\/\/www.eamel.net\/blog\/wp-content\/uploads\/1970\/01\/sneeuw_groot-360x1024.jpg 360w, https:\/\/www.eamel.net\/blog\/wp-content\/uploads\/1970\/01\/sneeuw_groot-540x1536.jpg 540w, https:\/\/www.eamel.net\/blog\/wp-content\/uploads\/1970\/01\/sneeuw_groot-720x2048.jpg 720w, https:\/\/www.eamel.net\/blog\/wp-content\/uploads\/1970\/01\/sneeuw_groot-636x1808.jpg 636w, https:\/\/www.eamel.net\/blog\/wp-content\/uploads\/1970\/01\/sneeuw_groot-281x800.jpg 281w\" sizes=\"auto, (max-width: 1024px) 100vw, 1024px\" \/><\/span><\/em><\/p>\n<p><span style=\"font-size: 12px;\"><span style=\"font-size: 12pt;\"><em>Zo. En nu als de donder maken dat ik in Den Haag kom&#8230; Kut-vergaderingen ook.<\/em> &#x1f621;<\/span><br \/>\n<\/span><\/p>\n","protected":false},"excerpt":{"rendered":"<p>&nbsp; Omdat ook mijn tuin niet verschoond is gebleven van dat witte goedje maar w\u00e9l een wonderschoon beeld oplevert, kan ik niet anders dan \u00e9\u00e9n en ander te vereeuwigen opdat wij straks, al puffend en zwetend, met enige verwondering ende genoegen terug kunnen kijken op Anton Pieck-ische sferen. Dat wat was maar niet meer is&#8230; &#8230; <\/p>\n<p class=\"read-more-container\"><a title=\"Sneeuw!\" class=\"read-more button\" href=\"http:\/\/www.eamel.net\/blog\/2009\/12\/17\/sneeuw-2\/#more-2200\" aria-label=\"Read more about Sneeuw!\">Read more<\/a><\/p>\n","protected":false},"author":1,"featured_media":78145,"comment_status":"open","ping_status":"open","sticky":false,"template":"","format":"standard","meta":{"_acf_changed":false,"wikipediapreview_detectlinks":true,"passster_activate_protection":false,"passster_protect_child_pages":"","passster_protection_type":"password","passster_password":"","passster_passwords":"","passster_password_list":"","passster_password_lists":"","passster_activate_user_restriction":"","passster_user_restriction_type":"user-role","passster_user_restriction":"no-role","passster_activate_overwrite_defaults":"","passster_headline":"","passster_instruction":"","passster_placeholder":"","passster_button":"","passster_id":"","passster_activate_misc_settings":"","passster_redirect_url":"","passster_hide":"no","passster_area_shortcode":"","ngg_post_thumbnail":0,"footnotes":""},"categories":[1695,17,79,865,23,1089,907,80,101,42],"tags":[1614,1133,1517,1176,1182,2558,1162],"class_list":["post-2200","post","type-post","status-publish","format-standard","has-post-thumbnail","hentry","category-1695","category-aldemeuk","category-bistenenblomkes","category-bizar","category-cool","category-its-my-garden-and","category-sfeer-en-sa","category-thus","category-wier-bard","category-zucht","tag-1614","tag-its-my-garden-and","tag-karel-doormanstraat","tag-oud-beijerland","tag-sneeuw","tag-tuin","tag-zucht"],"acf":[],"_links":{"self":[{"href":"https:\/\/www.eamel.net\/blog\/wp-json\/wp\/v2\/posts\/2200","targetHints":{"allow":["GET"]}}],"collection":[{"href":"https:\/\/www.eamel.net\/blog\/wp-json\/wp\/v2\/posts"}],"about":[{"href":"https:\/\/www.eamel.net\/blog\/wp-json\/wp\/v2\/types\/post"}],"author":[{"embeddable":true,"href":"https:\/\/www.eamel.net\/blog\/wp-json\/wp\/v2\/users\/1"}],"replies":[{"embeddable":true,"href":"https:\/\/www.eamel.net\/blog\/wp-json\/wp\/v2\/comments?post=2200"}],"version-history":[{"count":0,"href":"https:\/\/www.eamel.net\/blog\/wp-json\/wp\/v2\/posts\/2200\/revisions"}],"wp:featuredmedia":[{"embeddable":true,"href":"https:\/\/www.eamel.net\/blog\/wp-json\/wp\/v2\/media\/78145"}],"wp:attachment":[{"href":"https:\/\/www.eamel.net\/blog\/wp-json\/wp\/v2\/media?parent=2200"}],"wp:term":[{"taxonomy":"category","embeddable":true,"href":"https:\/\/www.eamel.net\/blog\/wp-json\/wp\/v2\/categories?post=2200"},{"taxonomy":"post_tag","embeddable":true,"href":"https:\/\/www.eamel.net\/blog\/wp-json\/wp\/v2\/tags?post=2200"}],"curies":[{"name":"wp","href":"https:\/\/api.w.org\/{rel}","templated":true}]}}