{"id":2377,"date":"2010-04-12T23:32:00","date_gmt":"2010-04-12T23:32:00","guid":{"rendered":"https:\/\/www.eamel.net\/blog\/voor-de-annalen-winter-2010"},"modified":"2022-04-13T00:22:55","modified_gmt":"2022-04-12T22:22:55","slug":"voor-de-annalen-winter-2010","status":"publish","type":"post","link":"http:\/\/www.eamel.net\/blog\/2010\/04\/12\/voor-de-annalen-winter-2010\/","title":{"rendered":"Voor de annalen | Winter 2010"},"content":{"rendered":"<hr \/>\n<p><img loading=\"lazy\" decoding=\"async\" class=\"alignleft size-full wp-image-19231\" src=\"https:\/\/www.eamel.net\/blog\/wp-content\/uploads\/2010\/04\/Naamloos-1.jpg\" alt=\"Naamloos-1\" width=\"200\" height=\"185\"\/><em><span class=\"penci-dropcap-box-outline\">V<\/span>\u00f2\u00f2r<\/em> de conversie had 't nog een bijzonder Bloemendaal-<em>esque<\/em> loungemuzakje, gevonden op \u00e9\u00e9n of ander dubieus <em>Martini<\/em>-premiumcd'tje, wat de beelden een sfeervol inkijkje gaf in datgene wat vandaag tot een absolute winterdag maakte.<\/p>\n<p>N\u00e0 de conversie verwerd het echter een <em>creepy<\/em> geluidsbrij waar een duistere basgitaar zwartwit beelden begeleidt op een manier waarop je elk moment <span style=\"text-decoration: underline;\"><a title=\"Freddy\" rel=\"noopener noreferrer\" href=\"http:\/\/nl.wikipedia.org\/wiki\/Robert_Englund\" target=\"_blank\">Robert Englund<\/a><\/span> tegen het messcherpe lijf denkt te lopen. Ik heb 't maar zo gelaten.<\/p>\n<p>14:58 minuten lang <em>Het Witte Niets.<\/em><\/p>\n<p><em>Anyway<\/em>. Dan maar onbedoeld<em> film-<span style=\"text-decoration: line-through;\">noir<\/span><\/em><span style=\"text-decoration: line-through;\">&nbsp;<\/span><em>blanc<\/em>. Mag ik u presenteren; <em>eamel<\/em>'s <em>room with a view<\/em>, een midwinter impressie. &nbsp;<\/p>\n<hr \/>\n<p><!--more--><\/p>\n<p><center><div class=\"epyt-video-wrapper\"><iframe loading=\"lazy\"  style=\"display: block; margin: 0px auto;\"  id=\"_ytid_72023\"  width=\"1280\" height=\"720\"  data-origwidth=\"1280\" data-origheight=\"720\"  data-relstop=\"1\" src=\"https:\/\/www.youtube.com\/embed\/I67SO8m__40?enablejsapi=1&origin=https:\/\/www.eamel.net&autoplay=0&cc_load_policy=0&cc_lang_pref=&iv_load_policy=1&loop=0&rel=0&fs=1&playsinline=1&autohide=2&theme=dark&color=red&controls=1&disablekb=0&\" class=\"__youtube_prefs__  no-lazyload\" title=\"YouTube player\"  allow=\"fullscreen; accelerometer; autoplay; clipboard-write; encrypted-media; gyroscope; picture-in-picture; web-share\" referrerpolicy=\"strict-origin-when-cross-origin\" allowfullscreen data-no-lazy=\"1\" data-skipgform_ajax_framebjll=\"\"><\/iframe><\/div><span itemprop=\"video\" itemscope itemtype=\"http:\/\/schema.org\/VideoObject\"><meta itemprop=\"embedUrl\" content=\"https:\/\/www.youtube.com\/embed\/I67SO8m__40\"><meta itemprop=\"name\" content=\"\"><meta itemprop=\"description\" content=\"YouTube video\"><meta itemprop=\"thumbnailUrl\" content=\"https:\/\/i.ytimg.com\/vi\/I67SO8m__40\/0.jpg\"><meta itemprop=\"duration\" content=\"\"><meta itemprop=\"uploadDate\" content=\"\"><\/span><\/center><\/p>\n","protected":false},"excerpt":{"rendered":"<p>V\u00f2\u00f2r de conversie had 't nog een bijzonder Bloemendaal-esque loungemuzakje, gevonden op \u00e9\u00e9n of ander dubieus Martini-premiumcd'tje, wat de beelden een sfeervol inkijkje gaf in datgene wat vandaag tot een absolute winterdag maakte. N\u00e0 de conversie verwerd het echter een creepy geluidsbrij waar een duistere basgitaar zwartwit beelden begeleidt op een manier waarop je elk &#8230; <\/p>\n<p class=\"read-more-container\"><a title=\"Voor de annalen | Winter 2010\" class=\"read-more button\" href=\"http:\/\/www.eamel.net\/blog\/2010\/04\/12\/voor-de-annalen-winter-2010\/#more-2377\" aria-label=\"Read more about Voor de annalen | Winter 2010\">Read more<\/a><\/p>\n","protected":false},"author":1,"featured_media":79905,"comment_status":"open","ping_status":"open","sticky":false,"template":"","format":"standard","meta":{"_acf_changed":false,"wikipediapreview_detectlinks":true,"passster_activate_protection":false,"passster_protect_child_pages":"","passster_protection_type":"password","passster_password":"","passster_passwords":"","passster_password_list":"","passster_password_lists":"","passster_activate_user_restriction":"","passster_user_restriction_type":"user-role","passster_user_restriction":"no-role","passster_activate_overwrite_defaults":"","passster_headline":"","passster_instruction":"","passster_placeholder":"","passster_button":"","passster_id":"","passster_activate_misc_settings":"","passster_redirect_url":"","passster_hide":"no","passster_area_shortcode":"","ngg_post_thumbnail":0,"footnotes":""},"categories":[1638,1089,1091],"tags":[1616,1123,1133,1139,1181,1183,1103],"class_list":["post-2377","post","type-post","status-publish","format-standard","has-post-thumbnail","hentry","category-1638","category-its-my-garden-and","category-kreatyfmeidurk","tag-1616","tag-filmpke","tag-its-my-garden-and","tag-kreatyfmeidurk","tag-winter","tag-youtube","tag-tralala"],"acf":[],"_links":{"self":[{"href":"https:\/\/www.eamel.net\/blog\/wp-json\/wp\/v2\/posts\/2377","targetHints":{"allow":["GET"]}}],"collection":[{"href":"https:\/\/www.eamel.net\/blog\/wp-json\/wp\/v2\/posts"}],"about":[{"href":"https:\/\/www.eamel.net\/blog\/wp-json\/wp\/v2\/types\/post"}],"author":[{"embeddable":true,"href":"https:\/\/www.eamel.net\/blog\/wp-json\/wp\/v2\/users\/1"}],"replies":[{"embeddable":true,"href":"https:\/\/www.eamel.net\/blog\/wp-json\/wp\/v2\/comments?post=2377"}],"version-history":[{"count":0,"href":"https:\/\/www.eamel.net\/blog\/wp-json\/wp\/v2\/posts\/2377\/revisions"}],"wp:featuredmedia":[{"embeddable":true,"href":"https:\/\/www.eamel.net\/blog\/wp-json\/wp\/v2\/media\/79905"}],"wp:attachment":[{"href":"https:\/\/www.eamel.net\/blog\/wp-json\/wp\/v2\/media?parent=2377"}],"wp:term":[{"taxonomy":"category","embeddable":true,"href":"https:\/\/www.eamel.net\/blog\/wp-json\/wp\/v2\/categories?post=2377"},{"taxonomy":"post_tag","embeddable":true,"href":"https:\/\/www.eamel.net\/blog\/wp-json\/wp\/v2\/tags?post=2377"}],"curies":[{"name":"wp","href":"https:\/\/api.w.org\/{rel}","templated":true}]}}