{"id":2444,"date":"2011-06-22T01:32:00","date_gmt":"2011-06-22T01:32:00","guid":{"rendered":"https:\/\/www.eamel.net\/blog\/suum-cuique-tribuere"},"modified":"2021-06-22T10:52:59","modified_gmt":"2021-06-22T08:52:59","slug":"suum-cuique-tribuere","status":"publish","type":"post","link":"http:\/\/www.eamel.net\/blog\/2011\/06\/22\/suum-cuique-tribuere\/","title":{"rendered":"Suum Cuique Tribuere"},"content":{"rendered":"<hr \/>\n<p><span style=\"font-family: 'arial black', sans-serif; font-size: 78pt; color: #999999;\"><span style=\"font-size: 50pt;\">1.<\/span><\/span><\/p>\n<hr \/>\n<div class=\"gca-column one-half first\"><p>&nbsp;<\/p>\n<p>Het volgende verhaaltje is fictief. <em>Uiteraard<\/em>. &#x1f602;<\/p>\n<p><span style=\"font-size: 18pt;\"><strong>PROLOOG.<\/strong><\/span><\/p>\n<p><span style=\"color: #99ccff;\"><strong><span style=\"font-size: 40pt;\">Z<\/span><\/strong><\/span>omaar een gevangenis in zomaar een stad, ergens in de prille jaren van dit millennium. In deze gevangenis werkt <del>eamel<\/del> <em>Piet<\/em>, een jongeman van rond de vijf- en dertig jaar, in de functie van systeembeheerder. Piet komt oorspronkelijk van het platteland maar heeft het best naar zijn zin in die grote stad.<\/p>\n<p>Hij is op dat moment nog niet zo heel lang single en heeft het daar bij tijd en wijle nog best wel eens moeilijk mee. Maar naarmate de tijd verstrijkt gaat \u2019t steeds beter met hem; <em>Piet<\/em> smaakt al gauw de geneugten van het singlebestaan en krijgt -ongewild- de reputatie van een casanova.<\/p>\n<p>Noem het na\u00efef maar onze hoofdpersoon is hier niet van op de hoogte: hij heeft het naar zijn zin, lacht veel, werkt vaak en blijft verre van roddel en achterklap.<\/p>\n<p>Op een dag kruist zijn pad zich met die van rondborstige collega <em>Eva<\/em>.<\/p>\n<p><em>Eva<\/em> is een lust voor het oog maar behept met een bijzonder onplezierig karakter. Ze is kil, lijkt berekenend en geeft <em>Piet<\/em> bij voortduring een soort van <em>unheimisch<\/em> gevoel. <em>Piet<\/em> besluit dan ook om <em>Eva<\/em> zover en zoveel mogelijk uit de weg te gaan.<\/p>\n<p>Principes hebben een beperkte houdbaarheid, naar blijkt, en zo is daar ineens zo\u2019n situatie waarin <em>Eva<\/em> niet zo heel kil en berekenend lijkt en <em>Piet<\/em> niet zo heel erg paranoia.<\/p><\/div>\n<div class=\"gca-column one-half\"><div style=\"background-color: #f5f5f5;\"><img loading=\"lazy\" decoding=\"async\" class=\"aligncenter size-full wp-image-73687\" src=\"http:\/\/www.eamel.net\/blog\/wp-content\/uploads\/2011\/06\/grijs_balkje.png\" alt=\"\" width=\"350\" height=\"23\" srcset=\"https:\/\/www.eamel.net\/blog\/wp-content\/uploads\/2011\/06\/grijs_balkje.png 350w, https:\/\/www.eamel.net\/blog\/wp-content\/uploads\/2011\/06\/grijs_balkje-300x20.png 300w\" sizes=\"auto, (max-width: 350px) 100vw, 350px\" \/><\/p>\n<p>Goed.<\/p>\n<p><em>Eva<\/em> is die dag vrolijk, heeft een twinkeling in haar ogen en lijkt bijzonder ontspannen.<\/p>\n<p>Zij heeft zichzelf vandaag de rol van <em>matchmaker<\/em> aangemeten en vind dat <em>Piet<\/em> 'maar eens aan de vrouw moet'. Want <em>Karin<\/em>, <em>Eva<\/em>\u2019s hartsvriendin en eveneens \u2018alleen\u2019, is relatiemateriaal en ongetwijfeld iets voor <em>Piet<\/em>. <em>Piet<\/em>, ook niet in een onaardige bui, gaat mee in haar enthousiasme en zo worden er al fluks mailadressen uitgewisseld.<\/p>\n<p>Enkele weken later, onze <em>Piet<\/em> heeft inmiddels contact gehad met voornoemde <em>Karin<\/em> en dat contact is niet goed verlopen.<\/p>\n<p>Eerst kort via de <em>MSN<\/em>, daarna via de telefoon. Wat ontbreekt is chemie. Met haar lachen kan hij niet -mevrouw moet humor ontberen en zeker die van Piet-, er zijn geen raakvlakken en in <em>Piet<\/em>\u2019s ogen lijkt <em>Karin<\/em> net iets te hard op zoek te zijn naar \u2018<em>die ene ware<\/em>\u2019.<\/p>\n<p>Dat kan, dat gebeurt ons allemaal wel eens, maar in <em>Piet<\/em>\u2019s specifieke geval is dit op de verkeerde tijd met de verkeerde persoon. Exit <em>Karin<\/em>.<\/p>\n<p>Niet veel later. <em>Eva<\/em> is furieus. Waarom niet met haar uitgegaan? Waarom niet vaker gebeld? Gemaild? Waarom niet dit en waarom niet dat?<\/p>\n<p><em>Piet<\/em>\u2019s argumenten doen er niet toe. <em>Eva<\/em> besluit om hier een issue van te maken want h\u00e0\u00e0r reputatie staat op het spel en dat vervolgens de komende jaren vol te houden. <em>Piet\u2019s<\/em> reputatie daarentegen is nu geheel naar de <em>Filistijnen<\/em> en niets lijkt daar meer verandering in te kunnen brengen.<\/p>\n<p><img loading=\"lazy\" decoding=\"async\" class=\"aligncenter size-full wp-image-73687\" src=\"http:\/\/www.eamel.net\/blog\/wp-content\/uploads\/2011\/06\/grijs_balkje.png\" alt=\"\" width=\"350\" height=\"23\" srcset=\"https:\/\/www.eamel.net\/blog\/wp-content\/uploads\/2011\/06\/grijs_balkje.png 350w, https:\/\/www.eamel.net\/blog\/wp-content\/uploads\/2011\/06\/grijs_balkje-300x20.png 300w\" sizes=\"auto, (max-width: 350px) 100vw, 350px\" \/><\/p>\n<\/div><\/div><div class=\"gca-utility clearfix\"><\/div>\n<p><!--more--> <img loading=\"lazy\" decoding=\"async\" class=\"aligncenter wp-image-32979\" src=\"https:\/\/www.eamel.net\/blog\/wp-content\/uploads\/commissie_copy1.jpg\" alt=\"commissie_copy1\" width=\"1024\" height=\"718\" srcset=\"https:\/\/www.eamel.net\/blog\/wp-content\/uploads\/\/commissie_copy1.jpg 800w, https:\/\/www.eamel.net\/blog\/wp-content\/uploads\/\/commissie_copy1-300x210.jpg 300w, https:\/\/www.eamel.net\/blog\/wp-content\/uploads\/\/commissie_copy1-636x446.jpg 636w, https:\/\/www.eamel.net\/blog\/wp-content\/uploads\/\/commissie_copy1-600x421.jpg 600w\" sizes=\"auto, (max-width: 1024px) 100vw, 1024px\" \/><\/p>\n<hr \/>\n<p><span style=\"font-family: 'arial black', sans-serif; font-size: 78pt; color: #999999;\"><span style=\"font-size: 50pt;\">2.<\/span><\/span><\/p>\n<hr \/>\n<div class=\"gca-column one-half first\"><\/strong><\/p>\n<p><span style=\"font-size: 18pt;\"><strong>HET HEDEN.<\/strong><\/span><\/p>\n<p><span style=\"color: #99ccff;\"><strong><span style=\"font-size: 40pt;\">M<\/span><\/strong><\/span>instens acht jaar later.<\/p>\n<p><em>Piet<\/em> is na diverse omzwervingen werkzaam in een andere gevangenis. Hij is nu communicatie-medewerker. De jaren van die eerste werkplek lijken ver weg en <em>Piet<\/em> denkt nog maar zelden aan die tijd.<\/p>\n<p>Natuurlijk valt er altijd wel wat aan te merken op zijn huidige baan maar zo op de keper beschouwd bevalt het hem en, als het goed is, hij de werkgever. Desondanks besluit hij, na drie jaar dienstverband, het eens ergens anders te proberen. Niet omdat hij het slecht heeft, integendeel, maar gewoon om te kijken of hij het nog kan. Of b\u00e9ter kan.<\/p>\n<p>Het toeval wil dat er in een gevangenis, <span style=\"text-decoration: underline;\"><a rel=\"noopener\" href=\"https:\/\/www.wikiwand.com\/nl\/Koepelgevangenis_(Breda)\" target=\"_blank\">iets verderop<\/a><\/span>, een communicatieadviseur wordt gevraagd. Piet besluit te schrijven en na wat dubieus mailverkeer (\u201c<em>Ik hoor niets. We zijn inmiddels drie weken later. Kunt U mij vertellen hoe de stand van zaken is?<\/em>\u201d) wordt hij uiteindelijk gebeld en uitgenodigd.<\/p>\n<p>De mevrouw aan de andere kant klinkt niet blij en kan niet lachen om de grapjes van <em>Piet<\/em>. Niets aan de hand want <em>Piet<\/em>\u2019s humor wordt niet altijd begrepen (zie '<em>Karin<\/em>').<\/p>\n<p>Enfin.<\/p>\n<p>De dag is genaderd. Strak in \u2019t pak, de haartjes glad, een map met benodigde papieren onder de arm en goed gehumeurd gaat <em>Piet<\/em> onderweg. De rit blijkt langer dan verwacht. <em>Piet<\/em> vraagt zich nog af of dit niet gaat vervelen wanneer deze reis dagelijks wordt ondernomen maar <em>soit<\/em>\u2026 wellicht compenseert de toekomstige vreugde in het werk dit \u2018leed\u2019.<\/p>\n<p>Na de benodigde formaliteiten bij de ingang van de gevangenis mag -ie naar binnen. Een lieftallige, enigszins mollige dame staat hem op te wachten bij de ingang, naar later blijkt een directiesecretaresse, en zij leidt hem naar de tweede verdieping van het antieke pand. Enkele minuten later wordt hij een ruimte ingeleid waar drie mensen kantoor houden.<\/p>\n<p>Nog voordat <em>Piet<\/em> een hand uit kan steken wordt hem verzocht even te wachten op de gang.<\/p>\n<p>\u2018<em>Prima<\/em>\u2019, denk <em>Piet<\/em>, en gaat zitten op een stoel naast de deur, in de gang.<\/p>\n<p>De secretaresse biedt hem een koffie aan en hij besluit nog even snel de vacature door te nemen. Voor het geval dat. <em>'Onnodig,'<\/em> denkt hij, '<em>want het gaat tenslotte om een zelfde functie zoals hij deze nu bekleedt, dus wat zou er mis kunnen gaan?'<\/em><\/p>\n<p>Nog geen minuut later, onze <em>Piet<\/em> heeft nog maar amper zijn map opengeslagen, komt een bebrilde man uit het kantoor en vraagt hem binnen te komen. Eenmaal daar neemt de beste man plaats aan een ovaalronde tafel waarna ook de andere deelnemers bij de tafel aanschuiven.<\/p>\n<p>\u2018Bril\u2019 is een man van middelbare leeftijd, keurig gekleed, en heeft een gedistingeerde look. Naast hem een dame van wederom middelbare leeftijd, zo iemand die onopvallend naast je zou kunnen staan in de metro maar die je direct weer zou vergeten. De derde persoon is anders.<\/p>\n<p><em>Piet<\/em> kan haar niet thuis brengen. Zij heeft platinablond, ultrakort geknipt haar en draagt -heel opvallend- een beveiligingsuniform. \u201c<em>Een beveiligingsmedewerker?<\/em>\u201d, vraag hij zich nog af; \u201c<em>bij een sollicitatiegesprek? Van een communicatiemedewerker? Opmerkelijk..<\/em>\u201d<\/p>\n<p>Ze heeft een ongekende felheid in haar ogen en lijkt, net als die andere twee, niet te kunnen lachen. Laat staan de glimvariant. Voor <em>Piet<\/em> goed en wel er achter is wie zij is en waarom zij hier bij zit, wordt hem gevraagd plaats te nemen.<\/p>\n<p>De sfeer is <em>ijzig<\/em>. Brr&#8230;<\/p><\/div>\n<div class=\"gca-column one-half\"><div style=\"background-color: #f5f5f5;\">\n<p><img loading=\"lazy\" decoding=\"async\" class=\"aligncenter size-full wp-image-73687\" src=\"http:\/\/www.eamel.net\/blog\/wp-content\/uploads\/2011\/06\/grijs_balkje.png\" alt=\"\" width=\"350\" height=\"23\" srcset=\"https:\/\/www.eamel.net\/blog\/wp-content\/uploads\/2011\/06\/grijs_balkje.png 350w, https:\/\/www.eamel.net\/blog\/wp-content\/uploads\/2011\/06\/grijs_balkje-300x20.png 300w\" sizes=\"auto, (max-width: 350px) 100vw, 350px\" \/><\/p>\n<p>Hij is nerveus, zeer tegen zijn doen want hij heeft tenslotte niets te verliezen, en deze onzekerheid wordt gevoed doordat men geen van allen kan lachen om zijn \u2018grap\u2019 dat de enige plek tegenover de inquisitiecommissie natuurlijk de stoel in het midden is (\u201c<em>Ha, ha!<\/em>\u201d) Sterker nog; men lijkt <em>collectief<\/em> gespannen.<\/p>\n<p>Er volgt een voorstelronde maar die ontgaat hem volledig; wie is <em>zij<\/em> toch?<\/p>\n<p>Plots zegt ze: \u201c<em>Misschien ken je me nog. Uit die-en-die gevangenis. Ik ben Eva. Vrouw van Peter\u2026<\/em>\u201d<\/p>\n<p>Oh ja; <em>Peter<\/em>. <em>Piet<\/em> herinnert zich hem. Een onaangenaam haantje wat om wat voor duistere reden dan ook het tot teamleider van de beveiliging heeft geschopt. <em>Eva<\/em> -echter- kan hij nog steeds niet plaatsen.<\/p>\n<p>De dame in het midden laat er geen gras over groeien. \u201d<em>Waarom deze gevangenis?<\/em>\u201d, vraagt zij resoluut. \u201c<em>Waarom de \u00f2nze?<\/em>\u201d <em>Piet<\/em> zegt: \u201d<em>U had een vacature en ik ben op zoek. Vandaar.<\/em>\"<\/p>\n<p>Ze kijkt verbaasd.<\/p>\n<p><em>Piet<\/em> vervolgt: \u201c<em>Bovendien heb ik al aangegeven in mijn brief dat&nbsp; ik wel weer eens wat anders wil. Anders dan waar ik nu werk. Een andere sfeer. Ander regime.<\/em>\u201d Dit antwoord zint haar kennelijk niet. Er valt een stilte.<\/p>\n<p>\u201c<em>U heeft zich niet verdiept in onze inrichting?<\/em>\u201d vraagt <em>Eva<\/em> plots en bewaart haar professionele afstand door niet te gaan tutoyeren; \u201c<em>Heeft u onze site bekeken? Intranet?<\/em>\u201d \u201c<em>Zijdelings<\/em>.\u201d, zegt <em>Piet<\/em> -niet alert genoeg om te reclameren dat deze gevangenis \u00fcberhaupt geen site heeft- en vervolgt; '<em>Een bajes is een bajes. Ken je er \u00e9\u00e9n, ken je ze allemaal.'&nbsp;<\/em><\/p>\n<p>&nbsp;\u201c<em>U zegt dat wij \u2018boefjes achter de deur sluiten\u2019 in tegenstelling tot uw gevangenis. Dat klinkt bijzonder denigrerend. Bent u op de hoogte van de MGW? Weet u wat er zich in het gevangeniswezen afspeelt, de laatste jaren?<\/em>\u201d<\/p>\n<p><em>Piet<\/em> slaat dicht.<\/p>\n<p>De felheid waarmee <em>Eva<\/em> hem het vuur aan de schenen legt overrompelt hem. Haar collega\u2019s vullen haar aan.<\/p>\n<p>\u201c<em>Ik kan wel zeggen bijzonder ge\u00efrriteerd te zijn door de constatering dat u enthousiasme ontbeert. Deze functie is onontgonnen gebied voor ons en wij willen dat iemand met daadkracht en kennis van zaken deze vervult.<\/em>\u201d zegt de vrouw van middelbare leeftijd, \u201c<em>Dit heb ik nog nooit meegemaakt!<\/em>\u201d<\/p>\n<p>Piet kan er nog n\u00e9t een \u201c<em>Mijn passie en enthousiasme blijken uit mijn werk<\/em>.\u201d en een \u201c<em>U vraagt een communicatiemedewerker en ik ben er \u00e9\u00e9n.. <\/em>\u201d uitbrengen maar het lijkt te laat. Het kwaad is geschied; het lijkt \u2018hen\u2019 beter het gesprek te be\u00ebindigen.<\/p>\n<p><em>Piet<\/em> staat op het punt om zich uit de voeten te maken maar niet nadat hij een ieder, uit goed fatsoen maar met grote tegenzin, de hand heeft geschud. Bij <em>Eva<\/em> blijft hij even staan. Terwijl hij haar hand pakt en haar diep in de ogen kijkt schiet het hem te binnen; <em>Eva<\/em>! <em>Die<\/em> <em>Eva<\/em>!<\/p>\n<p>\u201c<em>Zeg.. had jij toen niet langer haar?<\/em>\u201d vraagt hij haar. \u201c<em>Ja,<\/em>\u201d zegt ze nuffig: \u201d<em>ik heb het wel eens langer gehad<\/em>.\u201d \u201c<em>Nee, dan is het me duidelijk,<\/em>\u201d zegt <em>Piet<\/em>; \u201d<em>dat verklaart \u00e9\u00e9n en ander.<\/em>\u201d, draait zich resoluut om en loopt zonder omkijken glimlachend naar de deur om nooit weer terug te keren.<\/p>\n<p>In de auto vraagt <em>Piet<\/em> zich af wat er zich in hemelsnaam net heeft plaatsgevonden. Om vervolgens hardop te gaan lachen. Tot tranen-met-tuiten toe bewogen start hij de auto om desondanks met een voldaan gevoel huiswaarts te rijden.<\/p>\n<p>Hij w\u00e9l. &#x1f602;&#x1f602;&#x1f602;<\/p>\n<p><img loading=\"lazy\" decoding=\"async\" class=\"aligncenter size-full wp-image-73687\" src=\"http:\/\/www.eamel.net\/blog\/wp-content\/uploads\/2011\/06\/grijs_balkje.png\" alt=\"\" width=\"350\" height=\"23\" srcset=\"https:\/\/www.eamel.net\/blog\/wp-content\/uploads\/2011\/06\/grijs_balkje.png 350w, https:\/\/www.eamel.net\/blog\/wp-content\/uploads\/2011\/06\/grijs_balkje-300x20.png 300w\" sizes=\"auto, (max-width: 350px) 100vw, 350px\" \/><\/p>\n<\/div><\/div><div class=\"gca-utility clearfix\"><\/div><img loading=\"lazy\" decoding=\"async\" class=\"aligncenter size-full\" src=\"http:\/\/i.imgur.com\/Bp2cVyd.gif\" alt=\"\" width=\"1001\" height=\"733\"\/><\/p>\n","protected":false},"excerpt":{"rendered":"<p>1.<\/p>\n","protected":false},"author":1,"featured_media":32977,"comment_status":"open","ping_status":"open","sticky":false,"template":"","format":"standard","meta":{"_acf_changed":false,"wikipediapreview_detectlinks":true,"passster_activate_protection":false,"passster_protect_child_pages":"","passster_protection_type":"password","passster_password":"","passster_passwords":"","passster_password_list":"","passster_password_lists":"","passster_activate_user_restriction":"","passster_user_restriction_type":"user-role","passster_user_restriction":"no-role","passster_activate_overwrite_defaults":"","passster_headline":"","passster_instruction":"","passster_placeholder":"","passster_button":"","passster_id":"","passster_activate_misc_settings":"","passster_redirect_url":"","passster_hide":"no","passster_area_shortcode":"","ngg_post_thumbnail":0,"footnotes":""},"categories":[1636,865,38,9,40,52,85,907,101,42],"tags":[1621,1112,2727,3069,3610,3612,1119,1641,1130,3611,1141,1144,1147,3609,1152,1160,1162],"class_list":["post-2444","post","type-post","status-publish","format-standard","has-post-thumbnail","hentry","category-1636","category-bizar","category-famkes","category-humor","category-meaculpa","category-Mooi-kudt","category-op-stap","category-sfeer-en-sa","category-wier-bard","category-zucht","tag-1621","tag-bizar","tag-communicatie","tag-communicatiemedewerker","tag-esther","tag-eva","tag-famkes","tag-gevangenis","tag-humor","tag-karin","tag-meaculpa","tag-mooi-kudt","tag-op-stap","tag-pi-breda","tag-sfeer-en-sa","tag-wier-bard","tag-zucht"],"acf":[],"_links":{"self":[{"href":"https:\/\/www.eamel.net\/blog\/wp-json\/wp\/v2\/posts\/2444","targetHints":{"allow":["GET"]}}],"collection":[{"href":"https:\/\/www.eamel.net\/blog\/wp-json\/wp\/v2\/posts"}],"about":[{"href":"https:\/\/www.eamel.net\/blog\/wp-json\/wp\/v2\/types\/post"}],"author":[{"embeddable":true,"href":"https:\/\/www.eamel.net\/blog\/wp-json\/wp\/v2\/users\/1"}],"replies":[{"embeddable":true,"href":"https:\/\/www.eamel.net\/blog\/wp-json\/wp\/v2\/comments?post=2444"}],"version-history":[{"count":0,"href":"https:\/\/www.eamel.net\/blog\/wp-json\/wp\/v2\/posts\/2444\/revisions"}],"wp:featuredmedia":[{"embeddable":true,"href":"https:\/\/www.eamel.net\/blog\/wp-json\/wp\/v2\/media\/32977"}],"wp:attachment":[{"href":"https:\/\/www.eamel.net\/blog\/wp-json\/wp\/v2\/media?parent=2444"}],"wp:term":[{"taxonomy":"category","embeddable":true,"href":"https:\/\/www.eamel.net\/blog\/wp-json\/wp\/v2\/categories?post=2444"},{"taxonomy":"post_tag","embeddable":true,"href":"https:\/\/www.eamel.net\/blog\/wp-json\/wp\/v2\/tags?post=2444"}],"curies":[{"name":"wp","href":"https:\/\/api.w.org\/{rel}","templated":true}]}}