{"id":33105,"date":"2015-12-31T23:59:02","date_gmt":"2015-12-31T22:59:02","guid":{"rendered":"https:\/\/www.eamel.net\/blog\/blog-in-beeld-2015"},"modified":"2022-12-31T12:16:43","modified_gmt":"2022-12-31T11:16:43","slug":"eamels-jaaroverzicht-2015","status":"publish","type":"post","link":"http:\/\/www.eamel.net\/blog\/2015\/12\/31\/eamels-jaaroverzicht-2015\/","title":{"rendered":"Eamel's Jaaroverzicht 2015"},"content":{"rendered":"<p style=\"text-align: justify;\"><span style=\"font-size: 22px;\"><a href=\"https:\/\/www.eamel.net\/blog\/2015\/01\/23\/so-anyway\/\"><img loading=\"lazy\" decoding=\"async\" class=\"alignleft wp-image-33111\" src=\"https:\/\/www.eamel.net\/blog\/wp-content\/uploads\/cleese.jpg\" alt=\"cleese\" width=\"450\" height=\"600\" srcset=\"https:\/\/www.eamel.net\/blog\/wp-content\/uploads\/\/cleese.jpg 300w, https:\/\/www.eamel.net\/blog\/wp-content\/uploads\/\/cleese-225x300.jpg 225w\" sizes=\"auto, (max-width: 450px) 100vw, 450px\" \/><\/a><span class=\"wpsdc-drop-cap\">Z<\/span>oals <del>altijd<\/del> <del>bijna&nbsp;elk jaar<\/del> incidenteel volgt hier een bescheiden overzicht van de zaken die de revue alhier gepasseerd zijn, veelal en alleen met beeldwerkjes die ik z\u00e9lf geproduceerd heb (want flaneren met de creatieve uitspattingen van derden is natuurlijk niet zo netjes). #ahum<\/span><\/p>\n<p style=\"text-align: justify;\"><span style=\"font-size: 22px;\">Het was een rustig jaar v.w.b. mijn berichtgevingen. <\/span><\/p>\n<p style=\"text-align: justify;\"><span style=\"font-size: 22px;\">Vooral vanwege het ontberen van een spannend leven, inspiratie maar incluis&nbsp;een chronische aandoening&nbsp;waar ik je niet mee zal vermoeien. <\/span><\/p>\n<p style=\"text-align: justify;\"><span style=\"font-size: 22px;\"><span style=\"font-family: 'times new roman', times, serif; font-size: 24px;\"><strong>Kortom: mijn eerste creatieve uitspatting ontstond toen <em>John en ik<\/em> elkaar <span style=\"text-decoration: underline;\"><a title=\"John en ik\" rel=\"noopener noreferrer\" href=\"https:\/\/www.eamel.net\/blog\/2015\/01\/23\/so-anyway\/\" target=\"_blank\">in bad vonden<\/a><\/span>.<\/strong><\/span> <\/span><\/p>\n<p style=\"text-align: justify;\"><span style=\"font-size: 22px;\">Niet lang daarna kocht ik <span style=\"text-decoration: underline;\"><a rel=\"noopener noreferrer\" href=\"https:\/\/www.eamel.net\/blog\/2015\/01\/11\/spekkoper\/\" target=\"_blank\">een nieuwe oude auto<\/a><\/span> want <span style=\"text-decoration: underline;\"><a title=\"Mazdahaag\" rel=\"noopener noreferrer\" href=\"https:\/\/www.eamel.net\/blog\/2014\/09\/19\/mazdahag\/\" target=\"_blank\">de vorige<\/a><\/span> was \u00f2p.&nbsp;<\/span><\/p>\n<p style=\"text-align: justify;\"><span style=\"font-size: 22px;\"><img loading=\"lazy\" decoding=\"async\" class=\"aligncenter\" src=\"https:\/\/www.eamel.net\/blog\/wp-content\/uploads\/2014\/12\/koe-25.jpg\" alt=\"\" width=\"1050\" height=\"499\"\/><\/span><!--more--><span style=\"font-size: 22px;\">De serie <em><span style=\"text-decoration: underline;\"><a rel=\"noopener noreferrer\" href=\"https:\/\/www.eamel.net\/blog\/?s=klussen+met+eamel\" target=\"_blank\">Klussen met Eamel<\/a><\/span><\/em> vond z'n vervolg in de maand <strong>februari<\/strong> met de aanleg van <span style=\"text-decoration: underline;\"><a rel=\"noopener noreferrer\" href=\"https:\/\/www.eamel.net\/blog\/2015\/02\/\" target=\"_blank\">een hypermoderne deurbel<\/a><\/span>. Bizar genoeg \u00e9\u00e9n van de weinige klussen die w\u00e9l goed lukte.<\/span><\/p>\n<p style=\"text-align: justify;\"><span style=\"font-size: 22px;\"><img loading=\"lazy\" decoding=\"async\" class=\"aligncenter size-full wp-image-33122\" src=\"https:\/\/www.eamel.net\/blog\/wp-content\/uploads\/bettybell-siempie.gif\" alt=\"bettybell-siempie\" width=\"1000\" height=\"694\"\/><\/span><\/p>\n<p style=\"text-align: justify;\"><span style=\"font-size: 22px;\"> <img loading=\"lazy\" decoding=\"async\" class=\"wp-image-70365 size-full alignleft\" src=\"https:\/\/www.eamel.net\/blog\/wp-content\/uploads\/2015\/12\/raspin_en_ik.jpg\" alt=\"\" width=\"300\" height=\"398\" srcset=\"https:\/\/www.eamel.net\/blog\/wp-content\/uploads\/2015\/12\/raspin_en_ik.jpg 300w, https:\/\/www.eamel.net\/blog\/wp-content\/uploads\/2015\/12\/raspin_en_ik-226x300.jpg 226w\" sizes=\"auto, (max-width: 300px) 100vw, 300px\" \/><\/span><\/p>\n<p style=\"text-align: justify;\"><span style=\"font-size: 36pt;\"><span style=\"font-family: 'comic sans ms', sans-serif;\">Niet lang daarna werd ik <span style=\"text-decoration: underline;\"><a rel=\"noopener noreferrer\" href=\"https:\/\/www.eamel.net\/blog\/2015\/02\/09\/winterdorp\/\" target=\"_blank\">lyrisch<\/a><\/span> van <span style=\"text-decoration: underline;\"><a rel=\"noopener noreferrer\" href=\"http:\/\/www.nu.nl\/cultuur-overig\/4068237\/zanger-dichter-en-tekstschrijver-drs-p-95-overleden.html\" target=\"_blank\">het verscheiden van Drs P.<\/a><\/span> en trachtte dit te verwoorden in \u00e9\u00e9n zijner dichtwerkjes in combinatie met beeld van moi en <del>mijn<\/del> ons hondje.<\/span> <\/span><\/p>\n<hr \/>\n<p><span style=\"font-size: 22px;\">In <strong>maart<\/strong> verveelde ik me blijkbaar nogal ernstig:<\/span><\/p>\n<div class=\"gca-utility clearfix\"><\/div> <div class=\"epyt-video-wrapper\"><iframe loading=\"lazy\"  id=\"_ytid_82494\"  width=\"1280\" height=\"720\"  data-origwidth=\"1280\" data-origheight=\"720\"  data-relstop=\"1\" src=\"https:\/\/www.youtube.com\/embed\/IPnyKbRn3MI?enablejsapi=1&origin=https:\/\/www.eamel.net&iv_load_policy=3&autoplay=0&cc_load_policy=0&cc_lang_pref=&loop=0&rel=0&fs=1&playsinline=1&autohide=2&theme=dark&color=red&controls=1&disablekb=0&\" class=\"__youtube_prefs__  no-lazyload\" title=\"YouTube player\"  allow=\"fullscreen; accelerometer; autoplay; clipboard-write; encrypted-media; gyroscope; picture-in-picture; web-share\" referrerpolicy=\"strict-origin-when-cross-origin\" allowfullscreen data-no-lazy=\"1\" data-skipgform_ajax_framebjll=\"\"><\/iframe><\/div><span itemprop=\"video\" itemscope itemtype=\"http:\/\/schema.org\/VideoObject\"><meta itemprop=\"embedUrl\" content=\"https:\/\/www.youtube.com\/embed\/IPnyKbRn3MI\"><meta itemprop=\"name\" content=\"\"><meta itemprop=\"description\" content=\"YouTube video\"><meta itemprop=\"thumbnailUrl\" content=\"https:\/\/i.ytimg.com\/vi\/IPnyKbRn3MI\/0.jpg\"><meta itemprop=\"duration\" content=\"\"><meta itemprop=\"uploadDate\" content=\"\"><\/span>\n<p><center><\/p>\n<hr \/>\n<p><\/center><\/p>\n<div class=\"gca-utility clearfix\"><\/div>\n<p><a href=\"https:\/\/www.eamel.net\/blog\/2015\/03\/11\/het-is-nu-officieel\/\"><img loading=\"lazy\" decoding=\"async\" class=\"alignleft wp-image-33132 size-full\" src=\"https:\/\/www.eamel.net\/blog\/wp-content\/uploads\/wacko.gif\" alt=\"wacko\" width=\"150\" height=\"152\"\/><\/a> <span style=\"font-size: 30px; font-family: helvetica, arial, sans-serif;\">Halverwege die maand kwam ik achter <span style=\"text-decoration: underline;\"><a rel=\"noopener noreferrer\" href=\"https:\/\/www.eamel.net\/blog\/2015\/03\/11\/het-is-nu-officieel\/\" target=\"_blank\">de werkelijke identiteit<\/a><\/span> van mijn mevrouw en het was sch\u00f2kkend.<\/span> <span style=\"font-size: 24px;\"><a href=\"https:\/\/www.eamel.net\/blog\/2015\/04\/27\/going-back-in-time-on-the-sounds-of-the-nation-its-a-flashback\/\"><img loading=\"lazy\" decoding=\"async\" class=\"alignright wp-image-33144 size-full\" src=\"https:\/\/www.eamel.net\/blog\/wp-content\/uploads\/Naamloos-3.jpg\" alt=\"Naamloos-3\" width=\"200\" height=\"267\"\/><\/a><\/span><\/p>\n<p><span style=\"font-size: 24px;\">In april ontdekte ik <span style=\"text-decoration: underline;\"><a rel=\"noopener noreferrer\" href=\"https:\/\/www.eamel.net\/blog\/2015\/04\/27\/going-back-in-time-on-the-sounds-of-the-nation-its-a-flashback\/\" target=\"_blank\">een nieuwe hobby<\/a><\/span>. Weliswaar eenmalig maar goed; je mot toch w\u00e0t. <\/span><\/p>\n<p><span style=\"font-size: 24px;\">Ook kocht ik in die maand twee <span style=\"text-decoration: underline;\"><a rel=\"noopener noreferrer\" href=\"https:\/\/www.eamel.net\/blog\/2015\/04\/20\/tussen-kunst-en-nog-meer-kitsch\/\" target=\"_blank\">foeilelijke beeldjes<\/a><\/span> <span style=\"font-size: 20px;\">e<a href=\"https:\/\/www.eamel.net\/blog\/2015\/04\/20\/tussen-kunst-en-nog-meer-kitsch\/\"><img loading=\"lazy\" decoding=\"async\" class=\"alignleft wp-image-33150 size-full\" src=\"https:\/\/www.eamel.net\/blog\/wp-content\/uploads\/kunst-en-kamperfoelie1280-1.jpg\" alt=\"kunst-en-kamperfoelie1280\" width=\"300\" height=\"200\"\/><\/a>n liet ik me vol lopen tijdens lokale,&nbsp;jaarlijkse imitatie van een <span style=\"text-decoration: underline;\"><a rel=\"noopener noreferrer\" href=\"https:\/\/www.eamel.net\/blog\/2015\/04\/18\/klein-waterlooplein-en-zo\/\" target=\"_blank\">Klein Waterlooplein<\/a><\/span>.<\/span> <\/span><\/p>\n<p><span style=\"font-size: 24px;\">Op <span style=\"text-decoration: underline;\"><a rel=\"noopener noreferrer\" href=\"https:\/\/www.eamel.net\/blog\/2015\/04\/15\/beknopt\/\" target=\"_blank\">vijftien april<\/a><\/span> had ik <em>Chlamydia<\/em> aan m'n knop hangen.<\/span><\/p>\n<p><a rel=\"noopener\" href=\"https:\/\/www.eamel.net\/blog\/2015\/04\/15\/beknopt\/\" target=\"_blank\"><img loading=\"lazy\" decoding=\"async\" class=\"aligncenter\" src=\"https:\/\/www.eamel.net\/blog\/wp-content\/uploads\/2015\/04\/IMG_1388.jpg\" alt=\"\" width=\"6000\" height=\"1904\"\/><\/a><\/p>\n<p><span style=\"font-size: 24px;\"><a rel=\"noopener\" href=\"https:\/\/www.eamel.net\/blog\/2015\/04\/10\/schildpad-on-the-loose\/\" target=\"_blank\"><img loading=\"lazy\" decoding=\"async\" class=\"alignleft wp-image-33161 size-medium\" src=\"https:\/\/www.eamel.net\/blog\/wp-content\/uploads\/schildpad-300x300.jpg\" alt=\"\" width=\"300\" height=\"300\" srcset=\"https:\/\/www.eamel.net\/blog\/wp-content\/uploads\/\/schildpad-300x300.jpg 300w, https:\/\/www.eamel.net\/blog\/wp-content\/uploads\/\/schildpad-150x150.jpg 150w, https:\/\/www.eamel.net\/blog\/wp-content\/uploads\/\/schildpad-636x636.jpg 636w, https:\/\/www.eamel.net\/blog\/wp-content\/uploads\/\/schildpad-600x600.jpg 600w, https:\/\/www.eamel.net\/blog\/wp-content\/uploads\/\/schildpad-140x140.jpg 140w, https:\/\/www.eamel.net\/blog\/wp-content\/uploads\/\/schildpad-100x100.jpg 100w, https:\/\/www.eamel.net\/blog\/wp-content\/uploads\/\/schildpad.jpg 700w\" sizes=\"auto, (max-width: 300px) 100vw, 300px\" \/><\/a>en een week daarvoor kwam ik een <span style=\"text-decoration: underline;\"><a rel=\"noopener noreferrer\" href=\"https:\/\/www.eamel.net\/blog\/2015\/04\/10\/schildpad-on-the-loose\/\" target=\"_blank\">Ninja Turtle<\/a><\/span> tegen in het wild. <\/span><\/p>\n<p><span style=\"font-size: 24px;\"><span style=\"font-family: tahoma, arial, helvetica, sans-serif;\"><strong>Ook moest ik destijds nogal huilen om het vroegtijdig verscheiden van mijn <span style=\"text-decoration: underline;\"><a rel=\"noopener noreferrer\" href=\"https:\/\/www.eamel.net\/blog\/2015\/04\/08\/met-leedwezen-geven-wij-kennis\/\" target=\"_blank\">gekoesterde oude rijbewijs<\/a><\/span><\/strong>:<\/span><\/span><\/p>\n<div class=\"gca-utility clearfix\"><\/div>\n<p><center><div class=\"epyt-video-wrapper\"><iframe loading=\"lazy\"  style=\"display: block; margin: 0px auto;\"  id=\"_ytid_73023\"  width=\"1280\" height=\"720\"  data-origwidth=\"1280\" data-origheight=\"720\"  data-relstop=\"1\" src=\"https:\/\/www.youtube.com\/embed\/uhErGc01REQ?enablejsapi=1&origin=https:\/\/www.eamel.net&iv_load_policy=3&autoplay=0&cc_load_policy=0&cc_lang_pref=&loop=0&rel=0&fs=1&playsinline=1&autohide=2&theme=dark&color=red&controls=1&disablekb=0&\" class=\"__youtube_prefs__  no-lazyload\" title=\"YouTube player\"  allow=\"fullscreen; accelerometer; autoplay; clipboard-write; encrypted-media; gyroscope; picture-in-picture; web-share\" referrerpolicy=\"strict-origin-when-cross-origin\" allowfullscreen data-no-lazy=\"1\" data-skipgform_ajax_framebjll=\"\"><\/iframe><\/div><span itemprop=\"video\" itemscope itemtype=\"http:\/\/schema.org\/VideoObject\"><meta itemprop=\"embedUrl\" content=\"https:\/\/www.youtube.com\/embed\/uhErGc01REQ\"><meta itemprop=\"name\" content=\"\"><meta itemprop=\"description\" content=\"YouTube video\"><meta itemprop=\"thumbnailUrl\" content=\"https:\/\/i.ytimg.com\/vi\/uhErGc01REQ\/0.jpg\"><meta itemprop=\"duration\" content=\"\"><meta itemprop=\"uploadDate\" content=\"\"><\/span><\/center><\/p>\n<p><span style=\"font-family: 'andale mono', monospace; font-size: 22px;\"><a href=\"https:\/\/www.eamel.net\/blog\/2015\/04\/07\/dit-zijn-de-meest-saaie-filmpjes-die-je-vandaag-zult-zien-je-zal-versteld-staan\/\"><img loading=\"lazy\" decoding=\"async\" class=\"alignleft wp-image-33175 size-full\" src=\"https:\/\/www.eamel.net\/blog\/wp-content\/uploads\/duh2-1.gif\" alt=\"duh2\" width=\"150\" height=\"156\"\/><\/a>Hoewel een <em>Dashcam<\/em> zijn intrede deed in&nbsp;deze huishouding bleven <span style=\"text-decoration: underline;\"><a rel=\"noopener noreferrer\" href=\"https:\/\/www.youtube.com\/watch?v=qmsQ-obL1Z4\" target=\"_blank\">Russische toestanden<\/a><\/span> achterwege. W\u00e9l was het natuurlijk weer <span style=\"text-decoration: underline;\"><a rel=\"noopener noreferrer\" href=\"https:\/\/www.eamel.net\/blog\/2015\/04\/07\/dit-zijn-de-meest-saaie-filmpjes-die-je-vandaag-zult-zien-je-zal-versteld-staan\/\" target=\"_blank\">een postje<\/a><\/span> waard. Ik bedoel;&nbsp;je hebt een weblog&nbsp;niet voor de katzekut.&nbsp;<\/span><\/p>\n<p><em><span style=\"font-family: 'trebuchet ms', geneva, sans-serif; font-size: 24px;\">Niet veel later ondernam ik mijn eerste <span style=\"text-decoration: underline;\"><a rel=\"noopener noreferrer\" href=\"https:\/\/www.eamel.net\/blog\/2015\/05\/31\/my-first-little-selfiestick\/\" target=\"_blank\">selfiestickselfie<\/a><\/span>. Het werd een drama.<\/span><\/em><\/p>\n<p><center><\/p>\n<blockquote class=\"instagram-media\" style=\"background: #FFF; border: 0; border-radius: 3px; box-shadow: 0 0 1px 0 rgba(0,0,0,0.5),0 1px 10px 0 rgba(0,0,0,0.15); margin: 1px; max-width: 960px; padding: 0; width: calc(100% - 2px);\" data-instgrm-captioned=\"\" data-instgrm-version=\"6\">\n<div style=\"padding: 8px;\">\n<div style=\"background: #F8F8F8; line-height: 0; margin-top: 40px; padding: 50.0% 0; text-align: center; width: 100%;\">&nbsp;<\/div>\n<p style=\"margin: 8px 0 0 0; padding: 0 4px;\"><a style=\"color: #000; font-family: Arial,sans-serif; font-size: 14px; font-style: normal; font-weight: normal; line-height: 17px; text-decoration: none; word-wrap: break-word;\" rel=\"noopener noreferrer\" href=\"https:\/\/www.instagram.com\/p\/3WQZTCPWNw\/\" target=\"_blank\">My First Little Selfiestick. Attempt one. #ohcock<\/a><\/p>\n<p style=\"color: #c9c8cd; font-family: Arial,sans-serif; font-size: 14px; line-height: 17px; margin-bottom: 0; margin-top: 8px; overflow: hidden; padding: 8px 0 7px; text-align: center; text-overflow: ellipsis; white-space: nowrap;\">Een video die is geplaatst door eamel net &#8211; (@eamel) op <time style=\"font-family: Arial,sans-serif; font-size: 14px; line-height: 17px;\" datetime=\"2015-05-31T13:20:15+00:00\">31 Mei 2015 om 6:20 PDT<\/time><\/p>\n<\/div>\n<\/blockquote>\n<p><script src=\"\/\/platform.instagram.com\/en_US\/embeds.js\" async=\"\" defer=\"defer\"><\/script><\/center><\/p>\n<p><span style=\"font-size: 25px;\"><img loading=\"lazy\" decoding=\"async\" class=\"size-full wp-image-33188 alignleft\" src=\"https:\/\/www.eamel.net\/blog\/wp-content\/uploads\/demi-gifje_1502.gif\" alt=\"demi-gifje_1502\" width=\"150\" height=\"224\"\/>Na de <span style=\"text-decoration: underline;\"><span style=\"font-family: impact, sans-serif; color: #008000;\"><a style=\"color: #008000; text-decoration: underline;\" rel=\"noopener noreferrer\" href=\"https:\/\/www.eamel.net\/blog\/2015\/05\/25\/parkdagen-2015\/\" target=\"_blank\">Parkdagen<\/a><\/span><\/span> mocht <em><span style=\"text-decoration: underline;\"><a rel=\"noopener noreferrer\" href=\"https:\/\/www.instagram.com\/p\/3Q67fBPWOH\/?taken-by=eamel\" target=\"_blank\">Omke Jan<\/a><\/span>&nbsp;<\/em>ook&nbsp;nog even z'n&nbsp;zegje doen, hadden we <span style=\"text-decoration: underline;\"><a rel=\"noopener noreferrer\" href=\"https:\/\/www.eamel.net\/blog\/2015\/05\/19\/go-home-lente\/\" target=\"_blank\">een&nbsp;lente met een identiteitscrisis<\/a><\/span> en gingen we ook nog <span style=\"text-decoration: underline;\"><a rel=\"noopener noreferrer\" href=\"https:\/\/www.eamel.net\/blog\/2015\/05\/15\/plog-tour-de-boer\/\" target=\"_blank\">de boer op<\/a><\/span>. <\/span><\/p>\n<p><span style=\"font-size: 25px;\"><span style=\"font-size: 24px; font-family: 'andale mono', monospace;\">Ook mocht ik in mei van dit jaar nog even mijn ouders verblijden <span style=\"text-decoration: underline;\"><a rel=\"noopener noreferrer\" href=\"https:\/\/www.eamel.net\/blog\/2015\/05\/07\/selfkes-yn-fryslan\/\" target=\"_blank\">met mijn aanwezigheid<\/a><\/span> en bezochten we o.a. mijn broer die zoals gewoonlijk weer kort van <span style=\"text-decoration: underline;\"><a rel=\"noopener noreferrer\" href=\"https:\/\/www.eamel.net\/blog\/tsjeard-bledzide\/\" target=\"_blank\">stoffelijk<\/a><\/span> was en deden we terloops nog een verrassend veelbekeken <span style=\"text-decoration: underline;\"><a rel=\"noopener noreferrer\" href=\"https:\/\/www.youtube.com\/watch?v=-Kkfo6WKbH0\" target=\"_blank\">Rondje Aldeboarn<\/a><\/span>.<\/span><\/span><\/p>\n<p><span style=\"font-size: 25px;\"><span style=\"font-size: 24px; font-family: 'andale mono', monospace;\"><a href=\"https:\/\/www.eamel.net\/blog\/2015\/05\/07\/selfkes-yn-fryslan\/\"><img loading=\"lazy\" decoding=\"async\" class=\"aligncenter wp-image-33213 size-full\" src=\"https:\/\/www.eamel.net\/blog\/wp-content\/uploads\/route.gif\" alt=\"route\" width=\"1000\" height=\"792\"\/><\/a><\/span><\/span><\/p>\n<p>Natuurlijk hingen we ook hier op vier mei <span style=\"text-decoration: underline;\"><a rel=\"noopener noreferrer\" href=\"https:\/\/www.eamel.net\/blog\/2015\/05\/04\/opdat-wij-nea-ferjitte\/\" target=\"_blank\">de geanimeerde vlag<\/a><\/span> uiten toen was daar alweer juni. Die maand deed de <span style=\"text-decoration: underline;\"><a rel=\"noopener noreferrer\" href=\"https:\/\/nl.wikipedia.org\/wiki\/Komkommertijd\" target=\"_blank\">komkommer<\/a><\/span> eer aan en dus gauw naar juli.&nbsp;<\/p>\n<p><a href=\"https:\/\/www.eamel.net\/blog\/2015\/07\/04\/heet-bbq\/\"><img loading=\"lazy\" decoding=\"async\" class=\"aligncenter wp-image-33217 size-full\" src=\"https:\/\/www.eamel.net\/blog\/wp-content\/uploads\/BBQ-gifje1-1.gif\" alt=\"BBQ-gifje1\" width=\"957\" height=\"736\"\/><\/a><\/p>\n<p><span style=\"font-family: 'times new roman', times, serif; font-size: 36px;\">Juli was fijn. <span style=\"text-decoration: underline;\"><a rel=\"noopener noreferrer\" href=\"https:\/\/www.eamel.net\/blog\/2015\/07\/03\/heet\/\" target=\"_blank\">Heet<\/a><\/span>, dat wel, maar <em>fijn<\/em>.<\/span> <img loading=\"lazy\" decoding=\"async\" class=\"alignleft size-full wp-image-33219\" src=\"https:\/\/www.eamel.net\/blog\/wp-content\/uploads\/Naamloos-4.jpg\" alt=\"Naamloos-4\" width=\"150\" height=\"173\"\/><\/p>\n<p><span style=\"font-family: 'book antiqua', palatino, serif; font-size: 30px;\">We hingen voor het eerst onze&nbsp;<span style=\"text-decoration: underline;\"><a rel=\"noopener noreferrer\" href=\"https:\/\/www.eamel.net\/blog\/2015\/07\/02\/hangzakhanger\/\" target=\"_blank\">zak aan een paal<\/a><\/span>, deden terloops een <span style=\"text-decoration: underline;\"><a rel=\"noopener noreferrer\" href=\"https:\/\/www.eamel.net\/blog\/2015\/07\/04\/heet-bbq\/\" target=\"_blank\">BBQ<\/a><\/span>&nbsp;en poef! Dat was het alweer voor die maand.<\/span><\/p>\n<p><span style=\"font-family: verdana, geneva, sans-serif; font-size: 24px;\">In augustus stelde ene&nbsp;<em>Nicolien<\/em> <span style=\"color: #ff0000;\">'<strong>Supercell<\/strong>'<\/span> <em>Kroon<\/em> (<em>not a clue<\/em>) me vreselijk teleur; alles wat we kregen maar g\u00e9\u00e9n<span style=\"color: #ff0000;\"> '<strong>Supercell'<\/strong><\/span>. En dus voelde ik me genoodzaakt die <span style=\"text-decoration: underline;\"><a rel=\"noopener noreferrer\" href=\"https:\/\/www.youtube.com\/watch?v=M0lDz6BRigE\" target=\"_blank\">zelf te maken<\/a><\/span>.<\/span><\/p>\n<p><a href=\"https:\/\/www.eamel.net\/blog\/2015\/08\/27\/supercell-maar-niet-heus\/\"><img loading=\"lazy\" decoding=\"async\" class=\"aligncenter wp-image-33224 size-full\" src=\"https:\/\/www.eamel.net\/blog\/wp-content\/uploads\/Region-Capture3-1.jpg\" alt=\"CLICK!\" width=\"826\" height=\"137\" srcset=\"https:\/\/www.eamel.net\/blog\/wp-content\/uploads\/\/Region-Capture3-1.jpg 826w, https:\/\/www.eamel.net\/blog\/wp-content\/uploads\/\/Region-Capture3-1-300x50.jpg 300w, https:\/\/www.eamel.net\/blog\/wp-content\/uploads\/\/Region-Capture3-1-636x105.jpg 636w, https:\/\/www.eamel.net\/blog\/wp-content\/uploads\/\/Region-Capture3-1-600x100.jpg 600w\" sizes=\"auto, (max-width: 826px) 100vw, 826px\" \/><\/a><\/p>\n<p><span style=\"font-family: helvetica, arial, sans-serif; font-size: 18px;\">Gelukkig was daar <em>J.<\/em>, <span style=\"text-decoration: underline;\"><a rel=\"noopener noreferrer\" href=\"http:\/\/jeanettecroezen.nl\/\" target=\"_blank\">een ex uit een ver&nbsp;verleden<\/a><\/span>, <img loading=\"lazy\" decoding=\"async\" class=\"alignright size-full wp-image-33227\" src=\"https:\/\/www.eamel.net\/blog\/wp-content\/uploads\/happy-1.gif\" alt=\"happy\" width=\"200\" height=\"196\"\/>die mij verblijdde met het goede nieuws van die maand. Niet alleen in <em>reallife<\/em> maar nu ook op de <em>Feestboeks<\/em> gingen onze wegen uiteen. Want al die <span style=\"text-decoration: underline;\"><a href=\"https:\/\/www.eamel.net\/blog\/wp-content\/uploads\/Region-Capture2-1.jpg\">negativiteit<\/a><\/span>, daar had mevrouw niks mee. En gelijk hep ze want het leven is natuurlijk \u00e9\u00e9n grote pijp kaneel. Althans; in de wereld van een communicatiehuppeltje <em>uut Drenth'<\/em>. <strong>Next<\/strong>!&nbsp;<\/span><\/p>\n<p><span style=\"font-family: 'comic sans ms', sans-serif; font-size: 32px;\">Oh ja! Ik bestond ook nog <span style=\"text-decoration: underline;\"><a rel=\"noopener noreferrer\" href=\"https:\/\/www.eamel.net\/blog\/2015\/08\/22\/12-jaar-eamel-net\/\" target=\"_blank\">twaalf jaar<\/a><\/span> en dat mocht <span style=\"text-decoration: underline;\"><a rel=\"noopener noreferrer\" href=\"https:\/\/www.youtube.com\/watch?v=FAptn-FmjLo&amp;feature=youtu.be\" target=\"_blank\">gevierd<\/a><\/span> worden!&nbsp;<a href=\"https:\/\/www.eamel.net\/blog\/2015\/08\/22\/12-jaar-eamel-net\/\"><img loading=\"lazy\" decoding=\"async\" class=\"aligncenter wp-image-33235 size-full\" src=\"https:\/\/www.eamel.net\/blog\/wp-content\/uploads\/kopie-1.png\" alt=\"kopie\" width=\"1000\" height=\"800\"\/><\/a><\/span><\/p>\n<blockquote><p><span style=\"font-size: 24px;\"><em>Wylst ik oer myn t\u00fan sjoch<\/em><\/span> <br \/>\n<span style=\"text-decoration: underline;\"><span style=\"font-size: 24px;\"><em><a rel=\"noopener noreferrer\" href=\"https:\/\/www.eamel.net\/blog\/2015\/08\/19\/in-bealch-fol-wurk\/\" target=\"_blank\"><span style=\"font-size: 24px;\">Fiel ik in gefoel fan grutsk<\/span><\/a> <\/em><\/span><\/span><br \/>\n<span style=\"font-size: 24px;\"><em>It is werklik in prachtige keamer <\/em><\/span><br \/>\n<span style=\"font-size: 24px;\"><em>\u00fatsein dat it b\u00fbten is.<\/em><\/span><\/p><\/blockquote>\n<p><span style=\"font-size: 48px;\"><img loading=\"lazy\" decoding=\"async\" class=\"alignleft size-full wp-image-33252\" src=\"https:\/\/www.eamel.net\/blog\/wp-content\/uploads\/sixpack5001-2.gif\" alt=\"sixpack5001\" width=\"225\" height=\"262\"\/>Op maandag 17 augustus gaf&nbsp;<em>Plus<\/em> <span style=\"text-decoration: underline;\"><a rel=\"noopener noreferrer\" href=\"https:\/\/www.eamel.net\/blog\/2015\/08\/17\/plus-geeft-meer\/\" target=\"_blank\">m\u00e9\u00e9r<\/a><\/span>, veel m\u00e9\u00e9r.&nbsp;<\/span><\/p>\n<p><span style=\"font-family: helvetica, arial, sans-serif; font-size: 28px;\">Ook op 10 augustus verveelde ik me kennelijk stierlijk en liet mezelf derhalve door mezelf filmen in de lokale wasstraat. Resultaat; <span style=\"text-decoration: underline;\"><a rel=\"noopener noreferrer\" href=\"https:\/\/www.youtube.com\/watch?v=QMKZSF5N8nI\" target=\"_blank\">een filmpje<\/a><\/span> van mezelf gefilmd door mezelf in de lokale wasstraat. Zo dan.<div class=\"gca-utility clearfix\"><\/div><\/span><\/p>\n<p><a href=\"https:\/\/www.eamel.net\/blog\/2015\/08\/10\/carwashselfideo\/\"><img loading=\"lazy\" decoding=\"async\" class=\"aligncenter wp-image-33254 size-full\" src=\"https:\/\/www.eamel.net\/blog\/wp-content\/uploads\/Object-Capture2_klein-1.jpg\" alt=\"Object-Capture2_klein\" width=\"1000\" height=\"650\"\/><\/a><\/p>\n<div class=\"gca-utility clearfix\"><\/div>\n<p><span style=\"font-family: impact, sans-serif; font-size: 52px;\"><span style=\"font-size: 85px;\">Septembermaand,<\/span> <span style=\"text-decoration: underline;\"><a rel=\"noopener noreferrer\" href=\"https:\/\/www.eamel.net\/blog\/2015\/09\/29\/primarkpashokpenetratiepic\/\" target=\"_blank\">Pashokpenetratiemaand<\/a><\/span>! \ud83d\ude09<\/span> <a href=\"https:\/\/www.eamel.net\/blog\/2015\/09\/28\/supermaan-ish\/\"><img loading=\"lazy\" decoding=\"async\" class=\"alignleft wp-image-33265 size-full\" src=\"https:\/\/www.eamel.net\/blog\/wp-content\/uploads\/maantje64.gif\" alt=\"maantje64\" width=\"200\" height=\"224\"\/><\/a><\/p>\n<p><span style=\"font-family: tahoma, arial, helvetica, sans-serif; font-size: 30px;\">Op de valreep van oktober liet de septembermaan zich nog even van <span style=\"text-decoration: underline;\"><a rel=\"noopener noreferrer\" href=\"https:\/\/www.eamel.net\/blog\/2015\/09\/28\/supermaan-ish\/\" target=\"_blank\">zijn beste kant<\/a><\/span> zien en na <span style=\"text-decoration: underline;\"><a rel=\"noopener noreferrer\" href=\"https:\/\/www.eamel.net\/blog\/2015\/09\/16\/this-is-your-life-2\/\" target=\"_blank\">een beetje regen<\/a><\/span> was 't alweer voornoemde oktober.<\/span> <span style=\"font-family: georgia, palatino, serif; font-size: 32px;\"><br \/>\n<\/span><\/p>\n<p><span style=\"font-family: georgia, palatino, serif; font-size: 32px;\">Dat eikels niet alleen <span style=\"text-decoration: underline;\"><a rel=\"noopener noreferrer\" href=\"https:\/\/www.eamel.net\/blog\/2015\/10\/13\/eikels\/\" target=\"_blank\">aan een boom hangen<\/a><\/span> bleek wel op de dertiende van die maand.<div class=\"gca-utility clearfix\"><\/div><\/span><\/p>\n<p><center><div class=\"epyt-video-wrapper\"><iframe loading=\"lazy\"  style=\"display: block; margin: 0px auto;\"  id=\"_ytid_79068\"  width=\"1280\" height=\"720\"  data-origwidth=\"1280\" data-origheight=\"720\"  data-relstop=\"1\" src=\"https:\/\/www.youtube.com\/embed\/pnEaE2oaiS0?enablejsapi=1&origin=https:\/\/www.eamel.net&iv_load_policy=3&autoplay=0&cc_load_policy=0&cc_lang_pref=&loop=0&rel=0&fs=1&playsinline=1&autohide=2&theme=dark&color=red&controls=1&disablekb=0&\" class=\"__youtube_prefs__  no-lazyload\" title=\"YouTube player\"  allow=\"fullscreen; accelerometer; autoplay; clipboard-write; encrypted-media; gyroscope; picture-in-picture; web-share\" referrerpolicy=\"strict-origin-when-cross-origin\" allowfullscreen data-no-lazy=\"1\" data-skipgform_ajax_framebjll=\"\"><\/iframe><\/div><span itemprop=\"video\" itemscope itemtype=\"http:\/\/schema.org\/VideoObject\"><meta itemprop=\"embedUrl\" content=\"https:\/\/www.youtube.com\/embed\/pnEaE2oaiS0\"><meta itemprop=\"name\" content=\"\"><meta itemprop=\"description\" content=\"YouTube video\"><meta itemprop=\"thumbnailUrl\" content=\"https:\/\/i.ytimg.com\/vi\/pnEaE2oaiS0\/0.jpg\"><meta itemprop=\"duration\" content=\"\"><meta itemprop=\"uploadDate\" content=\"\"><\/span><\/center><\/p>\n<p><span style=\"font-family: helvetica, arial, sans-serif; font-size: 36px;\">Op de tiende <span style=\"text-decoration: underline;\"><a rel=\"noopener noreferrer\" href=\"https:\/\/www.eamel.net\/blog\/2015\/10\/11\/plog-10-jaar-dwdd\/\" target=\"_blank\">draaide onze wereld door<\/a><\/span> en leerden wij dat <em>Claudia de Breij<\/em> \u00e9cht niet kan zingen en <em>Halina<\/em> is best een lekker wief van dichtbij. [clickpik4big]<\/span><\/p>\n<p><a href=\"https:\/\/www.eamel.net\/blog\/wp-content\/uploads\/panorama-2560.jpg\"><img loading=\"lazy\" decoding=\"async\" class=\"aligncenter wp-image-33274\" src=\"https:\/\/www.eamel.net\/blog\/wp-content\/uploads\/panorama-800-1.jpg\" alt=\"panorama-800\" width=\"960\" height=\"169\" srcset=\"https:\/\/www.eamel.net\/blog\/wp-content\/uploads\/\/panorama-800-1.jpg 800w, https:\/\/www.eamel.net\/blog\/wp-content\/uploads\/\/panorama-800-1-300x53.jpg 300w, https:\/\/www.eamel.net\/blog\/wp-content\/uploads\/\/panorama-800-1-636x112.jpg 636w, https:\/\/www.eamel.net\/blog\/wp-content\/uploads\/\/panorama-800-1-600x106.jpg 600w\" sizes=\"auto, (max-width: 960px) 100vw, 960px\" \/><\/a> <span style=\"font-size: 25px;\"><a href=\"https:\/\/www.eamel.net\/blog\/2015\/10\/04\/een-stukje-natuur\/\"><img loading=\"lazy\" decoding=\"async\" class=\"alignleft wp-image-33276 size-full\" src=\"https:\/\/www.eamel.net\/blog\/wp-content\/uploads\/giphy-2.gif\" alt=\"giphy\" width=\"150\" height=\"145\"\/><\/a><\/span><\/p>\n<p><span style=\"font-size: 25px;\">Op diezelfde dag lag ik nog met <span style=\"text-decoration: underline;\"><a rel=\"noopener noreferrer\" href=\"https:\/\/www.eamel.net\/blog\/2015\/10\/10\/frozenchook\/\" target=\"_blank\">m'n blote reedt<\/a><\/span> in de tuin <span style=\"text-decoration: underline;\"><span style=\"color: #3366ff;\"><strong><a style=\"color: #3366ff; text-decoration: underline;\" rel=\"noopener noreferrer\" href=\"https:\/\/www.facebook.com\/Frothpit\/\" target=\"_blank\">#frozenchook<\/a><\/strong><\/span><\/span>&nbsp;en was het ook nog <span style=\"text-decoration: underline;\"><a rel=\"noopener noreferrer\" href=\"https:\/\/www.eamel.net\/blog\/2015\/10\/04\/een-stukje-natuur\/\" target=\"_blank\">Dierendag<\/a><\/span> maar dan op een andere dag.<\/span> <img loading=\"lazy\" decoding=\"async\" class=\"alignright size-full wp-image-33280\" src=\"https:\/\/www.eamel.net\/blog\/wp-content\/uploads\/IMG_3172-1.gif\" alt=\"IMG_3172\" width=\"200\" height=\"104\"\/><\/p>\n<p><span style=\"font-family: 'book antiqua', palatino, serif; font-size: 20px;\">En toen ineens was daar het zonnetje in huis en vlogen vliegtuigen achteruit. <span style=\"text-decoration: underline;\"><a rel=\"noopener noreferrer\" href=\"https:\/\/www.eamel.net\/blog\/2015\/10\/02\/een-flepse-vrijdagmiddag\/\" target=\"_blank\">Een Flepse Vrijdagmiddag<\/a><\/span> met <span style=\"text-decoration: underline;\"><a rel=\"noopener noreferrer\" href=\"http:\/\/moe-moe.nl\/\" target=\"_blank\">Moe-Moe<\/a><\/span>&nbsp;van de overkant.<\/span><\/p>\n<p><span style=\"font-size: 24px;\">In november mocht ik een enkeling vreugde schenken door <span style=\"text-decoration: underline;\"><a rel=\"noopener noreferrer\" href=\"https:\/\/www.eamel.net\/blog\/2015\/11\/29\/klassieke-post\/\" target=\"_blank\">mijn jeugdsentiment<\/a><\/span> met hen te delen.&nbsp;<\/span><\/p>\n<p><img loading=\"lazy\" decoding=\"async\" class=\"aligncenter wp-image-33287\" src=\"https:\/\/www.eamel.net\/blog\/wp-content\/uploads\/Region-Capture-3.jpg\" alt=\"Region Capture\" width=\"960\" height=\"1326\" srcset=\"https:\/\/www.eamel.net\/blog\/wp-content\/uploads\/\/Region-Capture-3.jpg 611w, https:\/\/www.eamel.net\/blog\/wp-content\/uploads\/\/Region-Capture-3-217x300.jpg 217w, https:\/\/www.eamel.net\/blog\/wp-content\/uploads\/\/Region-Capture-3-579x800.jpg 579w\" sizes=\"auto, (max-width: 960px) 100vw, 960px\" \/> <a href=\"https:\/\/www.youtube.com\/watch?v=VnSklhPSBAA\"><img loading=\"lazy\" decoding=\"async\" class=\"aligncenter wp-image-33289\" src=\"https:\/\/www.eamel.net\/blog\/wp-content\/uploads\/Region-Capture-4.jpg\" alt=\"Region Capture\" width=\"960\" height=\"258\" srcset=\"https:\/\/www.eamel.net\/blog\/wp-content\/uploads\/\/Region-Capture-4.jpg 775w, https:\/\/www.eamel.net\/blog\/wp-content\/uploads\/\/Region-Capture-4-300x81.jpg 300w, https:\/\/www.eamel.net\/blog\/wp-content\/uploads\/\/Region-Capture-4-636x171.jpg 636w, https:\/\/www.eamel.net\/blog\/wp-content\/uploads\/\/Region-Capture-4-600x161.jpg 600w\" sizes=\"auto, (max-width: 960px) 100vw, 960px\" \/><\/a> <img loading=\"lazy\" decoding=\"async\" class=\"alignleft wp-image-33290 size-thumbnail\" src=\"https:\/\/www.eamel.net\/blog\/wp-content\/uploads\/Une-pens\u00e9e-damour-1-150x150.jpg\" alt=\"Une-pens\u00e9e-damour\" width=\"150\" height=\"150\" srcset=\"https:\/\/www.eamel.net\/blog\/wp-content\/uploads\/\/Une-pens\u00e9e-damour-1-150x150.jpg 150w, https:\/\/www.eamel.net\/blog\/wp-content\/uploads\/\/Une-pens\u00e9e-damour-1-140x140.jpg 140w, https:\/\/www.eamel.net\/blog\/wp-content\/uploads\/\/Une-pens\u00e9e-damour-1-100x100.jpg 100w\" sizes=\"auto, (max-width: 150px) 100vw, 150px\" \/><span style=\"font-family: 'times new roman', times, serif; font-size: 24px;\">November was ook een trieste maand. Oprecht kan ik hier melden dat ik een traan gelaten heb om <span style=\"text-decoration: underline;\"><a rel=\"noopener noreferrer\" href=\"https:\/\/www.eamel.net\/blog\/2015\/11\/14\/une-pensee-damour\/\" target=\"_blank\">het verscheiden van diverse medemensen<\/a><\/span>.<\/span><\/p>\n<p><span style=\"font-size: 28px; font-family: impact, sans-serif;\">Gelukkig kon ik mijn <span style=\"text-decoration: underline;\"><a rel=\"noopener noreferrer\" href=\"https:\/\/www.eamel.net\/blog\/2015\/11\/09\/i-did-it-autumn-leaves-spoken-mash-up-thingy\/\" target=\"_blank\">ei<\/a> <\/span>kwijt in wederom iets vreselijk nutteloos, namelijk mijn tuin.<div class=\"gca-utility clearfix\"><\/div><\/span><\/p>\n<p><center><div class=\"epyt-video-wrapper\"><iframe loading=\"lazy\"  style=\"display: block; margin: 0px auto;\"  id=\"_ytid_13585\"  width=\"1125\" height=\"1707\"  data-origwidth=\"1125\" data-origheight=\"1707\"  data-relstop=\"1\" src=\"https:\/\/www.youtube.com\/embed\/hmR18PZAJnA?enablejsapi=1&origin=https:\/\/www.eamel.net&iv_load_policy=3&autoplay=1&cc_load_policy=0&cc_lang_pref=&loop=0&rel=0&fs=1&playsinline=1&autohide=2&theme=dark&color=red&controls=1&disablekb=0&\" class=\"__youtube_prefs__  no-lazyload\" title=\"YouTube player\"  allow=\"fullscreen; accelerometer; autoplay; clipboard-write; encrypted-media; gyroscope; picture-in-picture; web-share\" referrerpolicy=\"strict-origin-when-cross-origin\" allowfullscreen data-no-lazy=\"1\" data-skipgform_ajax_framebjll=\"\"><\/iframe><\/div><span itemprop=\"video\" itemscope itemtype=\"http:\/\/schema.org\/VideoObject\"><meta itemprop=\"embedUrl\" content=\"https:\/\/www.youtube.com\/embed\/hmR18PZAJnA\"><meta itemprop=\"name\" content=\"\"><meta itemprop=\"description\" content=\"YouTube video\"><meta itemprop=\"thumbnailUrl\" content=\"https:\/\/i.ytimg.com\/vi\/hmR18PZAJnA\/0.jpg\"><meta itemprop=\"duration\" content=\"\"><meta itemprop=\"uploadDate\" content=\"\"><\/span><\/center><center><\/center><center><\/center><\/p>\n<p><img loading=\"lazy\" decoding=\"async\" class=\"alignleft wp-image-33296 size-full\" src=\"https:\/\/www.eamel.net\/blog\/wp-content\/uploads\/giphy-3.gif\" alt=\"giphy\" width=\"150\" height=\"162\"\/><span style=\"font-size: 32px;\"><em><span style=\"font-family: georgia, palatino, serif;\">Zes dagen geleden, we zijn inmiddels december, zag ik een <span style=\"text-decoration: underline;\"><a rel=\"noopener noreferrer\" href=\"https:\/\/www.eamel.net\/blog\/2015\/12\/25\/hallo-halo-2\/\" target=\"_blank\">halo<\/a><\/span>. 'Hallo!'&nbsp;zei ik, maar hij zei niks terug.<\/span><\/em><\/span><\/p>\n<p><span style=\"font-size: 24px;\">Ook in december was klussen nog steeds niet <span style=\"text-decoration: underline;\"><a rel=\"noopener noreferrer\" href=\"https:\/\/www.eamel.net\/blog\/2015\/12\/23\/spiegel\/\" target=\"_blank\">mijn sterkste punt<\/a><\/span> maar <em>kak<\/em>; het hangt en daar ging&nbsp;het om.<\/span><\/p>\n<p><center><\/p>\n<blockquote class=\"instagram-media\" style=\"background: #FFF; border: 0; border-radius: 3px; box-shadow: 0 0 1px 0 rgba(0,0,0,0.5),0 1px 10px 0 rgba(0,0,0,0.15); margin: 1px; max-width: 960px; padding: 0; width: calc(100% - 2px);\" data-instgrm-captioned=\"\" data-instgrm-version=\"6\">\n<div style=\"padding: 8px;\">\n<div style=\"background: #F8F8F8; line-height: 0; margin-top: 40px; padding: 50.0% 0; text-align: center; width: 100%;\">&nbsp;<\/div>\n<p style=\"margin: 8px 0 0 0; padding: 0 4px;\"><a style=\"color: #000; font-family: Arial,sans-serif; font-size: 14px; font-style: normal; font-weight: normal; line-height: 17px; text-decoration: none; word-wrap: break-word;\" rel=\"noopener noreferrer\" href=\"https:\/\/www.instagram.com\/p\/_o6A5VvWNt\/\" target=\"_blank\">Klussen met eamel | spiegel ophangen (Een spiegel, een plankje en een deur; hoe moeilijk kan het zijn?) _____________________________________ DIY with eamel | hanging up a mirror (A mirror, a shelf and a door. How difficult could it be?)<\/a><\/p>\n<p style=\"color: #c9c8cd; font-family: Arial,sans-serif; font-size: 14px; line-height: 17px; margin-bottom: 0; margin-top: 8px; overflow: hidden; padding: 8px 0 7px; text-align: center; text-overflow: ellipsis; white-space: nowrap;\">Een video die is geplaatst door eamel net &#8211; (@eamel) op <time style=\"font-family: Arial,sans-serif; font-size: 14px; line-height: 17px;\" datetime=\"2015-12-23T15:21:24+00:00\">23 Dec 2015 om 7:21 PST<\/time><\/p>\n<\/div>\n<\/blockquote>\n<p><script src=\"\/\/platform.instagram.com\/en_US\/embeds.js\" async=\"\" defer=\"defer\"><\/script><\/center><\/p>\n<p><span style=\"font-size: 24px;\"><strong><span style=\"font-family: helvetica, arial, sans-serif; color: #ffffff; background-color: #008000;\">Oh ja. <span style=\"text-decoration: underline;\"><a style=\"color: #ffffff; background-color: #008000;\" rel=\"noopener noreferrer\" href=\"https:\/\/www.eamel.net\/blog\/2015\/12\/17\/vandaag-voor-en-na\/\" target=\"_blank\">Zomer in de winter<\/a><\/span>, dat kunnen wij ook. \ud83d\ude09<\/span><\/strong><\/span><\/p>\n<p><span style=\"font-family: georgia, palatino, serif; font-size: 36px;\">Op de 16e bouwde ik een <span style=\"text-decoration: underline;\"><a rel=\"noopener noreferrer\" href=\"https:\/\/www.eamel.net\/blog\/2015\/12\/16\/hekje\/\" target=\"_blank\">#<\/a><\/span> en 9 dagen eerder kreeg ik <span style=\"text-decoration: underline;\"><a rel=\"noopener noreferrer\" href=\"https:\/\/www.eamel.net\/blog\/2015\/12\/07\/plog-dwdd-denkt-met-u-mee\/\" target=\"_blank\">mijn revanche<\/a><\/span>.&nbsp;<\/span><\/p>\n<p><a href=\"https:\/\/www.eamel.net\/blog\/2015\/12\/07\/plog-dwdd-denkt-met-u-mee\/\"><img loading=\"lazy\" decoding=\"async\" class=\"aligncenter wp-image-33309 size-full\" src=\"https:\/\/www.eamel.net\/blog\/wp-content\/uploads\/blabla4b-1.gif\" alt=\"blabla4b\" width=\"1000\" height=\"800\"\/><\/a><\/p>\n<p><span style=\"font-size: 28px;\">Het was een bijzonder jaar. Mijn <span style=\"text-decoration: underline;\"><a rel=\"noopener noreferrer\" href=\"http:\/\/www.woordeloos.nl\/\" target=\"_blank\">mevrouw<\/a><\/span> en ik&nbsp;wensen u allen een genoeglijk uiteinde en n\u00f2g betere tijden. \ud83d\ude09<\/span><\/p>\n<p><img loading=\"lazy\" decoding=\"async\" class=\"aligncenter size-full wp-image-33316\" src=\"https:\/\/www.eamel.net\/blog\/wp-content\/uploads\/ofjeworslus477.jpg\" alt=\"ofjeworslus477\" width=\"1000\" height=\"648\"\/><\/p>\n","protected":false},"excerpt":{"rendered":"<p>Zoals altijd bijna&nbsp;elk jaar incidenteel volgt hier een bescheiden overzicht van de zaken die de revue alhier gepasseerd zijn, veelal en alleen met beeldwerkjes die ik z\u00e9lf geproduceerd heb (want flaneren met de creatieve uitspattingen van derden is natuurlijk niet zo netjes). #ahum Het was een rustig jaar v.w.b. mijn berichtgevingen. Vooral vanwege het ontberen &#8230; <\/p>\n<p class=\"read-more-container\"><a title=\"Eamel&#039;s Jaaroverzicht 2015\" class=\"read-more button\" href=\"http:\/\/www.eamel.net\/blog\/2015\/12\/31\/eamels-jaaroverzicht-2015\/#more-33105\" aria-label=\"Read more about Eamel&#039;s Jaaroverzicht 2015\">Read more<\/a><\/p>\n","protected":false},"author":1,"featured_media":84755,"comment_status":"open","ping_status":"open","sticky":false,"template":"","format":"standard","meta":{"_acf_changed":false,"wikipediapreview_detectlinks":true,"passster_activate_protection":null,"passster_protect_child_pages":"","passster_protection_type":"password","passster_password":"","passster_passwords":"","passster_password_list":"","passster_password_lists":"","passster_activate_user_restriction":"","passster_user_restriction_type":"user-role","passster_user_restriction":"no-role","passster_activate_overwrite_defaults":"","passster_headline":"","passster_instruction":"","passster_placeholder":"","passster_button":"","passster_id":"","passster_activate_misc_settings":"","passster_redirect_url":"","passster_hide":"no","passster_area_shortcode":"","ngg_post_thumbnail":0,"footnotes":""},"categories":[1672,17,1026,34,1100,9,1610,1535,1091,1305,907,80,1092,101],"tags":[1617,1118,1613,1612],"class_list":["post-33105","post","type-post","status-publish","format-standard","has-post-thumbnail","hentry","category-1672","category-aldemeuk","category-animated-gif","category-beeld","category-eindejaarsbericht","category-humor","category-jaaroverzicht","category-jierwiksel","category-kreatyfmeidurk","category-mevrouw","category-sfeer-en-sa","category-thus","category-weemoed-en-melancholie","category-wier-bard","tag-1617","tag-eindejaarsbericht","tag-jaaroverzicht","tag-jierwiksel"],"acf":[],"_links":{"self":[{"href":"https:\/\/www.eamel.net\/blog\/wp-json\/wp\/v2\/posts\/33105","targetHints":{"allow":["GET"]}}],"collection":[{"href":"https:\/\/www.eamel.net\/blog\/wp-json\/wp\/v2\/posts"}],"about":[{"href":"https:\/\/www.eamel.net\/blog\/wp-json\/wp\/v2\/types\/post"}],"author":[{"embeddable":true,"href":"https:\/\/www.eamel.net\/blog\/wp-json\/wp\/v2\/users\/1"}],"replies":[{"embeddable":true,"href":"https:\/\/www.eamel.net\/blog\/wp-json\/wp\/v2\/comments?post=33105"}],"version-history":[{"count":0,"href":"https:\/\/www.eamel.net\/blog\/wp-json\/wp\/v2\/posts\/33105\/revisions"}],"wp:featuredmedia":[{"embeddable":true,"href":"https:\/\/www.eamel.net\/blog\/wp-json\/wp\/v2\/media\/84755"}],"wp:attachment":[{"href":"https:\/\/www.eamel.net\/blog\/wp-json\/wp\/v2\/media?parent=33105"}],"wp:term":[{"taxonomy":"category","embeddable":true,"href":"https:\/\/www.eamel.net\/blog\/wp-json\/wp\/v2\/categories?post=33105"},{"taxonomy":"post_tag","embeddable":true,"href":"https:\/\/www.eamel.net\/blog\/wp-json\/wp\/v2\/tags?post=33105"}],"curies":[{"name":"wp","href":"https:\/\/api.w.org\/{rel}","templated":true}]}}