{"id":38790,"date":"2016-12-31T23:59:17","date_gmt":"2016-12-31T22:59:17","guid":{"rendered":"https:\/\/www.eamel.net\/blog\/?p=38790"},"modified":"2022-12-31T10:32:39","modified_gmt":"2022-12-31T09:32:39","slug":"eamels-jaaroverzicht-2016","status":"publish","type":"post","link":"http:\/\/www.eamel.net\/blog\/2016\/12\/31\/eamels-jaaroverzicht-2016\/","title":{"rendered":"Eamel's Jaaroverzicht 2016"},"content":{"rendered":"<div style=\"background-color: #f78222;\">\n<hr \/>\n<p style=\"padding-left: 30px;\"><a id=\"top\"><\/a><img loading=\"lazy\" decoding=\"async\" class=\"wp-image-39354 aligncenter\" src=\"https:\/\/www.eamel.net\/blog\/wp-content\/uploads\/innereamel-6.jpg\" alt=\"\" width=\"912\" height=\"236\" srcset=\"https:\/\/www.eamel.net\/blog\/wp-content\/uploads\/\/innereamel-6.jpg 600w, https:\/\/www.eamel.net\/blog\/wp-content\/uploads\/\/innereamel-6-300x78.jpg 300w\" sizes=\"auto, (max-width: 912px) 100vw, 912px\" \/><\/p>\n<hr \/>\n<p style=\"padding-left: 30px;\"><span style=\"color: #ffffff;\"><span class=\"wpsdc-drop-cap\">Z<\/span><strong><span style=\"font-size: 20px;\">oals ik <del>altijd<\/del> <del>meestal<\/del> soms pleeg te doen, zo aan het einde van een (blog)&nbsp;<\/span><\/strong><strong><span style=\"font-size: 20px;\">jaar, ook nu een overzichtje van alles wat me in 2016 <em>bloggewijs<\/em> bezig hield.&nbsp;<\/span><\/strong><\/span><strong><span style=\"color: #ffffff;\"><span style=\"font-size: 20px;\">Ik bedoel; je zal 't als argeloos ge\u00efnteresseerde&nbsp;maar gemist hebben, toch?<\/span><\/span><\/strong><\/p>\n<p style=\"padding-left: 30px;\"><span style=\"color: #ffffff;\"><strong><img loading=\"lazy\" decoding=\"async\" class=\"alignleft size-full\" src=\"https:\/\/i.imgur.com\/gpkcDd9.gif\" alt=\"\" width=\"100\" height=\"159\"\/><\/strong>Oh ja. <\/span><em><span style=\"color: #ffffff;\">'Vanwaar die walgelijk nostalgische<\/span><\/em><em><span style=\"color: #ffffff;\">&nbsp;<strong><span style=\"text-decoration: underline;\"><span style=\"font-family: 'comic sans ms', sans-serif;\"><a style=\"color: #ffffff; text-decoration: underline;\" rel=\"noopener noreferrer\" href=\"http:\/\/www.volkskrant.nl\/recensies\/het-verloren-cultuurgoed-van-hyves-2004-2013~a3553729\/\" target=\"_blank\">Hyves<\/a><\/span><\/span><\/strong> toestanden met foeilelijke&nbsp;knipper-plaatjes?'<\/span><\/em><span style=\"color: #ffffff;\"> hoor ik je denken. Tja, waarom niet? Je weet <em>tog<\/em>:&nbsp;<\/span><span style=\"color: #ffffff;\"><em>leuker kunnen we het niet maken, w\u00e9l lelijker. <\/em>\ud83d\ude09<\/span><\/p>\n<p style=\"padding-left: 30px;\"><span style=\"color: #ffffff;\"><em>*t.u.i.; klik op de maand\/datum om het desbetreffende bericht tot u te nemen. Of lees die zooi in \u00e9\u00e9n keer. Ik heb nog wel wat bandbreedte over.<\/em><\/span><\/p>\n<hr \/>\n<p><center><\/p>\n<table style=\"width: 89.7103%; border-style: hidden;\">\n<tbody>\n<tr style=\"height: 24px;\">\n<td style=\"height: 24px; width: 26.1426%;\"><span style=\"font-size: 14px; color: #ffffff;\"><strong>01. <span style=\"text-decoration: underline;\"><a style=\"color: #ffffff; text-decoration: underline;\" rel=\"noopener noreferrer\" href=\"#januari\" target=\"_self\">JANUARI<\/a><\/span><\/strong><\/span><\/td>\n<td style=\"height: 24px; width: 23.2176%;\"><span style=\"font-size: 14px; color: #ffffff;\"><strong>02. <span style=\"text-decoration: underline;\"><a style=\"color: #ffffff; text-decoration: underline;\" rel=\"noopener noreferrer\" href=\"#februari\" target=\"_self\">FEBRUARI<\/a><\/span><\/strong><\/span><\/td>\n<td style=\"height: 24px; width: 24.1316%;\"><span style=\"font-size: 14px; color: #ffffff;\"><strong>03. <span style=\"text-decoration: underline;\"><a style=\"color: #ffffff; text-decoration: underline;\" rel=\"noopener noreferrer\" href=\"#maart\" target=\"_self\">MAART<\/a><\/span><\/strong><\/span><\/td>\n<td style=\"height: 24px; width: 51.2178%;\"><span style=\"font-size: 14px; color: #ffffff;\"><strong>04. <span style=\"text-decoration: underline;\"><a style=\"color: #ffffff; text-decoration: underline;\" rel=\"noopener noreferrer\" href=\"#april\" target=\"_self\">APRIL<\/a><\/span><\/strong><\/span><\/td>\n<\/tr>\n<tr style=\"height: 24px;\">\n<td style=\"height: 24px; width: 26.1426%;\"><span style=\"font-size: 14px; color: #ffffff;\"><strong>05. <span style=\"text-decoration: underline;\"><a style=\"color: #ffffff; text-decoration: underline;\" rel=\"noopener noreferrer\" href=\"#mei\" target=\"_self\">MEI<\/a><\/span><\/strong><\/span><\/td>\n<td style=\"height: 24px; width: 23.2176%;\"><span style=\"font-size: 14px; color: #ffffff;\"><strong>06. <span style=\"text-decoration: underline;\"><a style=\"color: #ffffff; text-decoration: underline;\" rel=\"noopener noreferrer\" href=\"#juni\" target=\"_self\">JUNI<\/a><\/span><\/strong><\/span><\/td>\n<td style=\"height: 24px; width: 24.1316%;\"><span style=\"font-size: 14px; color: #ffffff;\"><strong>07. <span style=\"text-decoration: underline;\"><a style=\"color: #ffffff; text-decoration: underline;\" rel=\"noopener noreferrer\" href=\"#juli\" target=\"_self\">JULI<\/a><\/span><\/strong><\/span><\/td>\n<td style=\"height: 24px; width: 51.2178%;\"><span style=\"font-size: 14px; color: #ffffff;\"><strong>08. <span style=\"text-decoration: underline;\"><a style=\"color: #ffffff; text-decoration: underline;\" rel=\"noopener noreferrer\" href=\"#augustus\" target=\"_self\">AUGUSTUS<\/a><\/span><\/strong><\/span><\/td>\n<\/tr>\n<tr style=\"height: 24px;\">\n<td style=\"height: 24px; width: 26.1426%;\"><span style=\"font-size: 14px; color: #ffffff;\"><strong>09. <span style=\"text-decoration: underline;\"><a style=\"color: #ffffff; text-decoration: underline;\" rel=\"noopener noreferrer\" href=\"#september\" target=\"_self\">SEPTEMBER<\/a><\/span><\/strong><\/span><\/td>\n<td style=\"height: 24px; width: 23.2176%;\"><span style=\"font-size: 14px; color: #ffffff;\"><strong>10. <span style=\"text-decoration: underline;\"><a style=\"color: #ffffff; text-decoration: underline;\" rel=\"noopener noreferrer\" href=\"#oktober\" target=\"_self\">OKTOBER<\/a><\/span><\/strong><\/span><\/td>\n<td style=\"height: 24px; width: 24.1316%;\"><span style=\"font-size: 14px; color: #ffffff;\"><strong>11. <span style=\"text-decoration: underline;\"><a style=\"color: #ffffff; text-decoration: underline;\" rel=\"noopener noreferrer\" href=\"#november\" target=\"_self\">NOVEMBER<\/a><\/span><\/strong><\/span><\/td>\n<td style=\"height: 24px; width: 51.2178%;\"><span style=\"font-size: 14px; color: #ffffff;\"><strong>12. <span style=\"text-decoration: underline;\"><a style=\"color: #ffffff; text-decoration: underline;\" rel=\"noopener noreferrer\" href=\"#december\" target=\"_self\">DECEMBER<\/a><\/span><\/strong><\/span><\/td>\n<\/tr>\n<\/tbody>\n<\/table>\n<p><\/center><\/p>\n<hr \/>\n<p><a id=\"januari\"><\/a><img loading=\"lazy\" decoding=\"async\" class=\"aligncenter size-full\" src=\"https:\/\/i.imgur.com\/oILgze0.gif\" alt=\"\" width=\"912\" height=\"804\"\/><\/p>\n<p style=\"padding-left: 30px;\"><span style=\"color: #ffffff;\"><strong>1.&nbsp;<span style=\"text-decoration: underline;\"><a style=\"color: #ffffff; text-decoration: underline;\" rel=\"noopener noreferrer\" href=\"https:\/\/www.eamel.net\/blog\/2016\/01\/05\/cd-glasses-flicking-challenge\/\" target=\"_blank\">Dinsdag, 5 januari 2016<\/a><\/span>&nbsp;<\/strong>&#8211; We begonnen het blogjaar 2016 met diepgang zoals U dat van mij gewend bent <strong>#kuch<\/strong>; er was een <em>hype<\/em> opgestaan en, <em>schaap<\/em> als ik ben, moest&nbsp;daar natuurlijk aan meedoen; <a style=\"color: #ffffff; text-decoration: underline;\" rel=\"noopener noreferrer\" href=\"http:\/\/knowyourmeme.com\/memes\/cd-flipping-cd-glasses\" target=\"_blank\"><strong>CD GLASSES FLICKING CHALLENGE<\/strong><\/a>. Een dikke 800 views op de <em>Youtubes<\/em> en waarom? Niemand weet dat.<\/span><\/p>\n<hr \/>\n<p><center><span style=\"color: #ffffff;\"><div class=\"epyt-video-wrapper\"><iframe loading=\"lazy\"  style=\"display: block; margin: 0px auto;\"  id=\"_ytid_55475\"  width=\"912\" height=\"513\"  data-origwidth=\"912\" data-origheight=\"513\"  data-relstop=\"1\" src=\"https:\/\/www.youtube.com\/embed\/HCJ6ZF38xX0?enablejsapi=1&origin=https:\/\/www.eamel.net&autoplay=0&cc_load_policy=0&cc_lang_pref=&iv_load_policy=1&loop=0&rel=0&fs=1&playsinline=1&autohide=2&theme=dark&color=red&controls=1&disablekb=0&\" class=\"__youtube_prefs__  no-lazyload\" title=\"YouTube player\"  allow=\"fullscreen; accelerometer; autoplay; clipboard-write; encrypted-media; gyroscope; picture-in-picture; web-share\" referrerpolicy=\"strict-origin-when-cross-origin\" allowfullscreen data-no-lazy=\"1\" data-skipgform_ajax_framebjll=\"\"><\/iframe><\/div><span itemprop=\"video\" itemscope itemtype=\"http:\/\/schema.org\/VideoObject\"><meta itemprop=\"embedUrl\" content=\"https:\/\/www.youtube.com\/embed\/HCJ6ZF38xX0\"><meta itemprop=\"name\" content=\"\"><meta itemprop=\"description\" content=\"YouTube video\"><meta itemprop=\"thumbnailUrl\" content=\"https:\/\/i.ytimg.com\/vi\/HCJ6ZF38xX0\/0.jpg\"><meta itemprop=\"duration\" content=\"\"><meta itemprop=\"uploadDate\" content=\"\"><\/span><\/span><\/center><center><\/p>\n<hr \/>\n<p><\/center><center><\/center><\/p>\n<p><!--more--><\/p>\n<p style=\"padding-left: 30px;\"><span style=\"color: #ffffff;\"><strong>2.&nbsp;<\/strong><span style=\"text-decoration: underline;\"><strong><a style=\"color: #ffffff; text-decoration: underline;\" rel=\"noopener noreferrer\" href=\"https:\/\/www.eamel.net\/blog\/2016\/01\/08\/plog-nieuwe-ramen\/\" target=\"_blank\">Vrijdag, 8 januari 2016<\/a><\/strong><\/span> &#8211; Jaren had ik er tegenaan gehikt wegens een vermeend <em>'dat zal wel veels te duur zijn'<\/em>, maar dankzij een financieel meevallertje en een vriendelijke offerte was het er toch van gekomen; de voorkant van mijn woonstee werd in z'n geheel voorzien van nieuwe HR++ ramen. <em>Johan de Ramenman<\/em>&nbsp;stond al vroeg voor mijn deur. T\u00e9 vroeg. <em>Een <span style=\"text-decoration: underline;\"><a style=\"color: #ffffff; text-decoration: underline;\" rel=\"noopener noreferrer\" href=\"https:\/\/www.eamel.net\/blog\/2016\/01\/08\/plog-nieuwe-ramen\/\" target=\"_blank\">plogje<\/a><\/span><\/em>.<\/span><\/p>\n<p><center><\/center><\/p>\n<p><span style=\"text-decoration: underline;\"><a href=\"https:\/\/www.eamel.net\/blog\/2016\/01\/11\/rip-david-robert-jones\/\"><img loading=\"lazy\" decoding=\"async\" class=\"alignleft wp-image-38885 size-full\" src=\"https:\/\/www.eamel.net\/blog\/wp-content\/uploads\/100-1.jpg\" alt=\"\" width=\"96\" height=\"130\"\/><\/a><\/span><strong><span style=\"color: #ffffff;\">3.&nbsp;<\/span><\/strong><span style=\"color: #ffffff; text-decoration: underline;\"><strong style=\"color: #ffffff; text-decoration: underline;\"><a style=\"color: #ffffff; text-decoration: underline;\" rel=\"noopener noreferrer\" href=\"https:\/\/www.eamel.net\/blog\/2016\/01\/11\/rip-david-robert-jones\/\" target=\"_blank\">Maandag, 11 januari 2016<\/a><\/strong><\/span><span style=\"color: #ffffff;\">&nbsp;&#8211; Op die dag blikte ik terug (rare vervoeging; 'ik blikte terug') op de tragische dood van <em>David Robert Jones<\/em> aka <em>David Bowie<\/em>, drie dagen daarvoor. En niet zozeer op <em>zijn<\/em> dood maar op 't gegeven dat er een tijd is geweest dat er hele volksstammen (joodse) meisjes in de veronderstelling waren dat ik <em>h\u00e9m<\/em> was. Een <span style=\"text-decoration: underline;\"><a style=\"color: #ffffff; text-decoration: underline;\" rel=\"noopener noreferrer\" href=\"https:\/\/www.eamel.net\/blog\/2016\/01\/11\/rip-david-robert-jones\/\" target=\"_blank\">anekdote<\/a><\/span>.<\/span> <a rel=\"noopener noreferrer\" href=\"https:\/\/www.eamel.net\/blog\/2016\/01\/11\/rip-david-robert-jones\/\" target=\"_blank\"><img loading=\"lazy\" decoding=\"async\" class=\"aligncenter\" src=\"https:\/\/i.imgur.com\/hMzH9Lz.gif\" alt=\"\" width=\"912\" height=\"912\"\/><\/a><\/p>\n<p style=\"padding-left: 30px;\"><span style=\"color: #ffffff;\"><strong>4.&nbsp;<\/strong><span style=\"text-decoration: underline;\"><strong><a style=\"color: #ffffff; text-decoration: underline;\" rel=\"noopener noreferrer\" href=\"https:\/\/www.eamel.net\/blog\/2016\/01\/13\/angstaanjagend-me-reedt\/\" target=\"_blank\">W<\/a><\/strong><strong><span style=\"color: #ffffff;\"><a style=\"color: #ffffff; text-decoration: underline;\" rel=\"noopener noreferrer\" href=\"https:\/\/www.eamel.net\/blog\/2016\/01\/13\/angstaanjagend-me-reedt\/\" target=\"_blank\">oensdag, 13 januari 2016<\/a><\/span><\/strong><\/span><\/span><strong><span style=\"color: #ffffff;\">&nbsp;&#8211;<\/span> <span style=\"text-decoration: underline; color: #ff0000;\"><a style=\"color: #ff0000; text-decoration: underline;\" rel=\"noopener noreferrer\" href=\"https:\/\/www.eamel.net\/blog\/2016\/01\/13\/angstaanjagend-me-reedt\/\" target=\"_blank\"><span style=\"font-family: 'comic sans ms', sans-serif;\">Aliens<\/span>!!1!<\/a><\/span>&nbsp;<\/strong><span style=\"color: #ffffff;\">Maar dan anders. \ud83d\ude09<\/span><\/p>\n<p><center><span style=\"color: #ffffff;\"><div class=\"epyt-video-wrapper\"><iframe loading=\"lazy\"  style=\"display: block; margin: 0px auto;\"  id=\"_ytid_50369\"  width=\"912\" height=\"513\"  data-origwidth=\"912\" data-origheight=\"513\"  data-relstop=\"1\" src=\"https:\/\/www.youtube.com\/embed\/N8nQdBHneGY?enablejsapi=1&origin=https:\/\/www.eamel.net&autoplay=0&cc_load_policy=0&cc_lang_pref=&iv_load_policy=1&loop=0&rel=0&fs=1&playsinline=1&autohide=2&theme=dark&color=red&controls=1&disablekb=0&\" class=\"__youtube_prefs__  no-lazyload\" title=\"YouTube player\"  allow=\"fullscreen; accelerometer; autoplay; clipboard-write; encrypted-media; gyroscope; picture-in-picture; web-share\" referrerpolicy=\"strict-origin-when-cross-origin\" allowfullscreen data-no-lazy=\"1\" data-skipgform_ajax_framebjll=\"\"><\/iframe><\/div><span itemprop=\"video\" itemscope itemtype=\"http:\/\/schema.org\/VideoObject\"><meta itemprop=\"embedUrl\" content=\"https:\/\/www.youtube.com\/embed\/N8nQdBHneGY\"><meta itemprop=\"name\" content=\"\"><meta itemprop=\"description\" content=\"YouTube video\"><meta itemprop=\"thumbnailUrl\" content=\"https:\/\/i.ytimg.com\/vi\/N8nQdBHneGY\/0.jpg\"><meta itemprop=\"duration\" content=\"\"><meta itemprop=\"uploadDate\" content=\"\"><\/span><\/span><\/center><\/p>\n<p style=\"padding-left: 30px;\"><span style=\"color: #ffffff;\"><strong>5.&nbsp;<span style=\"text-decoration: underline;\"><a style=\"color: #ffffff; text-decoration: underline;\" rel=\"noopener noreferrer\" href=\"https:\/\/www.eamel.net\/blog\/2016\/01\/20\/dag-max-%E2%80%A0\/\" target=\"_blank\">Woensdag, 20 januari 2016<\/a><\/span>&nbsp;<\/strong>&#8211; Triest nieuws. De familie nam noodgedwongen afscheid van <em>Max<\/em>. Onze lieve, aandoenlijke&nbsp;<em>Max<\/em>. Hij mocht 'slechts' achttien jaar worden&#8230; (en iedereen die de woorden 'respectabele leeftijd' in z'n bek neemt krijgt alhier een permanente <em>block<\/em> aan z'n been. De dood komt altijd te snel als het om een dierbare gaat.&nbsp;<em>Blurgh<\/em>)<\/span><\/p>\n<hr \/>\n<p><center><span style=\"color: #ffffff;\"><div class=\"epyt-video-wrapper\"><iframe loading=\"lazy\"  style=\"display: block; margin: 0px auto;\"  id=\"_ytid_13758\"  width=\"912\" height=\"513\"  data-origwidth=\"912\" data-origheight=\"513\"  data-relstop=\"1\" src=\"https:\/\/www.youtube.com\/embed\/mczn0IBdwAI?enablejsapi=1&origin=https:\/\/www.eamel.net&iv_load_policy=3&autoplay=0&cc_load_policy=0&cc_lang_pref=&loop=0&rel=0&fs=1&playsinline=1&autohide=2&theme=dark&color=red&controls=1&disablekb=0&\" class=\"__youtube_prefs__  no-lazyload\" title=\"YouTube player\"  allow=\"fullscreen; accelerometer; autoplay; clipboard-write; encrypted-media; gyroscope; picture-in-picture; web-share\" referrerpolicy=\"strict-origin-when-cross-origin\" allowfullscreen data-no-lazy=\"1\" data-skipgform_ajax_framebjll=\"\"><\/iframe><\/div><span itemprop=\"video\" itemscope itemtype=\"http:\/\/schema.org\/VideoObject\"><meta itemprop=\"embedUrl\" content=\"https:\/\/www.youtube.com\/embed\/mczn0IBdwAI\"><meta itemprop=\"name\" content=\"\"><meta itemprop=\"description\" content=\"YouTube video\"><meta itemprop=\"thumbnailUrl\" content=\"https:\/\/i.ytimg.com\/vi\/mczn0IBdwAI\/0.jpg\"><meta itemprop=\"duration\" content=\"\"><meta itemprop=\"uploadDate\" content=\"\"><\/span><\/span><\/center><center><\/p>\n<hr \/>\n<p><\/center><\/p>\n<p style=\"padding-left: 30px;\"><span style=\"color: #ffffff;\"><strong>6.&nbsp;<span style=\"text-decoration: underline;\"><a style=\"color: #ffffff; text-decoration: underline;\" rel=\"noopener noreferrer\" href=\"https:\/\/www.eamel.net\/blog\/2016\/01\/24\/belikebill-jonnysun\/\" target=\"_blank\">Zondag,<\/a><a style=\"color: #ffffff; text-decoration: underline;\" rel=\"noopener noreferrer\" href=\"https:\/\/www.eamel.net\/blog\/2016\/01\/24\/belikebill-jonnysun\/\" target=\"_blank\"> 24&nbsp;januari 2016<\/a><\/span><\/strong>&nbsp;&#8211; Op die dag had ene <em>Jomny Sun<\/em> aka <span style=\"text-decoration: underline;\"><a style=\"color: #ffffff;\" rel=\"noopener noreferrer\" href=\"https:\/\/twitter.com\/jonnysun\" target=\"_blank\"><strong>@jonnysun<\/strong><\/a><\/span> de euvele moed 'onze Bill' te beledigen. Je weet wel; <span style=\"text-decoration: underline;\"><a style=\"color: #ffffff; text-decoration: underline;\" rel=\"noopener noreferrer\" href=\"https:\/\/www.facebook.com\/OfficialBLB\/\" target=\"_blank\">Be Like Bill<\/a><\/span>, van die verfrissende&nbsp;zelfreflecties. Enfin; dat kon ik me natuurlijk niet van mijn kant laten gaan (is dat \u00fcberhaupt een uitdrukking?<em> 'Van mijn kant laten gaan'?<\/em>&nbsp;Alweer raar). Anyway; <em>Jomny Sun<\/em> vindt mij niet zo lief meer.&nbsp;<\/span><\/p>\n<p><a rel=\"noopener noreferrer\" href=\"https:\/\/www.eamel.net\/blog\/2016\/01\/24\/belikebill-jonnysun\/\" target=\"_blank\"><img loading=\"lazy\" decoding=\"async\" class=\"aligncenter\" src=\"https:\/\/www.eamel.net\/blog\/wp-content\/uploads\/Region-Capture-2.png\" alt=\"\" width=\"986\" height=\"411\"\/><\/a><\/p>\n<p style=\"padding-left: 30px;\"><span style=\"color: #ffffff;\"><strong>7.&nbsp;<span style=\"text-decoration: underline;\"><a style=\"color: #ffffff; text-decoration: underline;\" rel=\"noopener noreferrer\" href=\"https:\/\/www.eamel.net\/blog\/2016\/01\/30\/gods-harde-woei\/\" target=\"_blank\">Zaterdag, 30&nbsp;januari 2016<\/a><\/span>&nbsp;<\/strong>&#8211;<strong>&nbsp;<\/strong>We eindigden januari met <em>Gods Winden<\/em>. Hoewel ik enig religieus besef moet ontberen (een betreurenswaardig gegeven volgens <span style=\"text-decoration: underline;\"><a style=\"color: #ffffff; text-decoration: underline;\" rel=\"noopener noreferrer\" href=\"http:\/\/www.tidenhawwetiden.nl\/\" target=\"_blank\"><em>\u00dbs Mem<\/em><\/a><\/span>, maar goed; <em>'t is sa en net oars<\/em>), voelde ik desondanks <em>De Winden God<\/em>'s in broer's huis. Althans; ik zou niet weten wiens winden het anders zouden kunnen zijn op die hoogte, ikzelf was het niet in ieder geval \u00e9n ik was alleen, maar in een metaforisch overdrachtelijke zin is deze uitleg&nbsp;dragelijk.<\/span><\/p>\n<p><center><span style=\"color: #ffffff;\"><div class=\"epyt-video-wrapper\"><iframe loading=\"lazy\"  style=\"display: block; margin: 0px auto;\"  id=\"_ytid_19481\"  width=\"912\" height=\"513\"  data-origwidth=\"912\" data-origheight=\"513\"  data-relstop=\"1\" src=\"https:\/\/www.youtube.com\/embed\/UoJ8ryLLdgc?enablejsapi=1&origin=https:\/\/www.eamel.net&autoplay=0&cc_load_policy=0&cc_lang_pref=&iv_load_policy=1&loop=0&rel=0&fs=1&playsinline=1&autohide=2&theme=dark&color=red&controls=1&disablekb=0&\" class=\"__youtube_prefs__  no-lazyload\" title=\"YouTube player\"  allow=\"fullscreen; accelerometer; autoplay; clipboard-write; encrypted-media; gyroscope; picture-in-picture; web-share\" referrerpolicy=\"strict-origin-when-cross-origin\" allowfullscreen data-no-lazy=\"1\" data-skipgform_ajax_framebjll=\"\"><\/iframe><\/div><span itemprop=\"video\" itemscope itemtype=\"http:\/\/schema.org\/VideoObject\"><meta itemprop=\"embedUrl\" content=\"https:\/\/www.youtube.com\/embed\/UoJ8ryLLdgc\"><meta itemprop=\"name\" content=\"\"><meta itemprop=\"description\" content=\"YouTube video\"><meta itemprop=\"thumbnailUrl\" content=\"https:\/\/i.ytimg.com\/vi\/UoJ8ryLLdgc\/0.jpg\"><meta itemprop=\"duration\" content=\"\"><meta itemprop=\"uploadDate\" content=\"\"><\/span><\/span><\/center><\/p>\n<p style=\"padding-left: 30px;\"><span style=\"color: #ffffff;\"><strong><a style=\"color: #ffffff;\" rel=\"noopener noreferrer\" href=\"#top\" target=\"_self\"><span style=\"font-size: 12px;\">[naar boven]<\/span><\/a><\/strong><\/span><\/p>\n<hr \/>\n<p><a id=\"februari\"><\/a><img loading=\"lazy\" decoding=\"async\" class=\"aligncenter size-full\" src=\"https:\/\/i.imgur.com\/gJDwmmT.gif\" alt=\"\" width=\"912\" height=\"807\"\/><\/p>\n<p style=\"padding-left: 30px;\"><span style=\"color: #ffffff;\"><strong>1.&nbsp;<\/strong><strong><span style=\"text-decoration: underline;\"><a style=\"color: #ffffff; text-decoration: underline;\" rel=\"noopener noreferrer\" href=\"https:\/\/www.eamel.net\/blog\/2016\/02\/06\/sis-mar-durk\/\" target=\"_blank\">Zaterdag,&nbsp;6 februari 2016<\/a><\/span><\/strong>&nbsp;&#8211; Een <em>BE<\/em>'er (<em>Bekende Eamel, <\/em>RED) behoeft geen achternaam. Dat verhoogt namelijk z'n aaibaarheidsfactor. Logisch.<\/span><\/p>\n<p><a rel=\"noopener noreferrer\" href=\"https:\/\/www.eamel.net\/blog\/2016\/02\/06\/sis-mar-durk\/\" target=\"_blank\"><img loading=\"lazy\" decoding=\"async\" class=\"aligncenter wp-image-38845\" src=\"https:\/\/www.eamel.net\/blog\/wp-content\/uploads\/sismardurk1500-1.jpg\" alt=\"\" width=\"912\" height=\"703\" srcset=\"https:\/\/www.eamel.net\/blog\/wp-content\/uploads\/\/sismardurk1500-1.jpg 800w, https:\/\/www.eamel.net\/blog\/wp-content\/uploads\/\/sismardurk1500-1-300x231.jpg 300w, https:\/\/www.eamel.net\/blog\/wp-content\/uploads\/\/sismardurk1500-1-636x491.jpg 636w, https:\/\/www.eamel.net\/blog\/wp-content\/uploads\/\/sismardurk1500-1-600x463.jpg 600w\" sizes=\"auto, (max-width: 912px) 100vw, 912px\" \/><\/a><\/p>\n<p style=\"padding-left: 30px;\"><span style=\"color: #ffffff;\"><strong>2.&nbsp;<span style=\"text-decoration: underline;\"><a style=\"color: #ffffff; text-decoration: underline;\" rel=\"noopener noreferrer\" href=\"https:\/\/www.eamel.net\/blog\/2016\/02\/14\/face-swap-piet-riet-live\/\" target=\"_blank\">Zondag, 14 februari 2016<\/a><\/span><\/strong>&nbsp;&#8211; Verveling doet gekke dingen met een mens. <del>Cum<\/del> <span style=\"text-decoration: underline;\"><a style=\"color: #ffffff; text-decoration: underline;\" rel=\"noopener noreferrer\" href=\"http:\/\/knowyourmeme.com\/memes\/face-swap\" target=\"_blank\"><em>Face-Swappen<\/em><\/a><\/span> is <em>Het Nieuwe <del>Zwart<\/del> <strong><span style=\"text-decoration: underline;\"><span style=\"color: #ffffff;\"><a style=\"color: #ffffff; text-decoration: underline;\" rel=\"noopener noreferrer\" href=\"https:\/\/www.eamel.net\/blog\/2011\/05\/16\/zoek-de-plank\/\" target=\"_blank\">Planking<\/a><\/span><\/span><\/strong><\/em>. <span style=\"text-decoration: underline;\"><a style=\"color: #ffffff; text-decoration: underline;\" rel=\"noopener noreferrer\" href=\"https:\/\/www.eamel.net\/blog\/2016\/02\/14\/face-swap-piet-riet-live\/\" target=\"_blank\">Dat blijkt maar weer<\/a><\/span>.<\/span><\/p>\n<p><a rel=\"noopener noreferrer\" href=\"https:\/\/www.eamel.net\/blog\/2016\/02\/14\/face-swap-piet-riet-live\/\" target=\"_blank\"><img loading=\"lazy\" decoding=\"async\" class=\"aligncenter\" src=\"https:\/\/www.eamel.net\/blog\/wp-content\/uploads\/lachuh.gif\" alt=\"\" width=\"912\" height=\"562\"\/><\/a><\/p>\n<p style=\"padding-left: 30px;\"><span style=\"color: #ffffff;\"><strong>3.&nbsp;<span style=\"text-decoration: underline;\"><a style=\"color: #ffffff; text-decoration: underline;\" rel=\"noopener noreferrer\" href=\"https:\/\/www.eamel.net\/blog\/2016\/02\/16\/grandmaster-siri-drops-a-beat\/\" target=\"_blank\">Dinsdag, 16 februari 2016<\/a><\/span>&nbsp;<\/strong>&#8211; Nog meer verveling. Voordat mijn <em>Iphone 6+<\/em>&nbsp;de geest gaf, <span style=\"text-decoration: underline;\"><a style=\"color: #ffffff; text-decoration: underline;\" rel=\"noopener noreferrer\" href=\"https:\/\/www.eamel.net\/blog\/2016\/09\/06\/touch-disease\/\" target=\"_blank\">later dit jaar<\/a><\/span>, deed <em>Siri<\/em> het nog. <span style=\"text-decoration: underline;\"><a style=\"color: #ffffff; text-decoration: underline;\" rel=\"noopener noreferrer\" href=\"https:\/\/www.eamel.net\/blog\/2016\/02\/16\/grandmaster-siri-drops-a-beat\/\" target=\"_blank\">En <em>ho\u00e9<\/em><\/a><\/span>.<\/span><\/p>\n<p><a rel=\"noopener noreferrer\" href=\"https:\/\/www.eamel.net\/blog\/2016\/02\/16\/grandmaster-siri-drops-a-beat\/\" target=\"_blank\"><img loading=\"lazy\" decoding=\"async\" class=\"aligncenter\" src=\"https:\/\/www.eamel.net\/blog\/wp-content\/uploads\/12715488_10207781212984559_4431619631473892180_n.jpg\" alt=\"\" width=\"912\" height=\"912\"\/><\/a><\/p>\n<p style=\"padding-left: 30px;\"><span style=\"color: #ffffff;\"><strong>4.&nbsp;<span style=\"text-decoration: underline;\"><a style=\"color: #ffffff; text-decoration: underline;\" rel=\"noopener noreferrer\" href=\"https:\/\/www.eamel.net\/blog\/2016\/02\/27\/diepgang-van-de-dag\/\" target=\"_blank\">Zaterdag, 27 februari 2016<\/a><\/span><\/strong>&nbsp;&#8211; En toen was het alweer einde<em>-Februari<\/em> 2016 die we in stijl afsloten&nbsp;met een spiritueel&nbsp;momentje:&nbsp;<em>'<span style=\"text-decoration: underline;\"><a style=\"color: #ffffff; text-decoration: underline;\" rel=\"noopener noreferrer\" href=\"https:\/\/www.eamel.net\/blog\/2016\/02\/27\/diepgang-van-de-dag\/\" target=\"_blank\">Hey, Ty.' &#8211; How to scar your brother for life<\/a><\/span>\"<\/em><\/span><\/p>\n<p><a rel=\"noopener noreferrer\" href=\"https:\/\/www.eamel.net\/blog\/2016\/02\/27\/diepgang-van-de-dag\/\" target=\"_blank\"><img loading=\"lazy\" decoding=\"async\" class=\"aligncenter\" src=\"https:\/\/i.imgur.com\/h3mXM8z.gif\" alt=\"\" width=\"912\" height=\"682\"\/><\/a><\/p>\n<p style=\"padding-left: 30px;\"><strong><a style=\"color: #ffffff;\" rel=\"noopener noreferrer\" href=\"#top\" target=\"_self\"><span style=\"font-size: 12px;\">[naar boven]<\/span><\/a><\/strong><\/p>\n<hr \/>\n<p><a id=\"maart\"><\/a><img loading=\"lazy\" decoding=\"async\" class=\"aligncenter size-full\" src=\"https:\/\/i.imgur.com\/oYwCR4j.gif\" alt=\"\" width=\"912\" height=\"802\"\/><\/p>\n<p style=\"padding-left: 30px;\"><span style=\"color: #ffffff;\"><strong>1. <span style=\"text-decoration: underline;\"><a style=\"color: #ffffff; text-decoration: underline;\" rel=\"noopener noreferrer\" href=\"https:\/\/www.eamel.net\/blog\/2016\/03\/07\/plog-broer-op-bezoek\/\" target=\"_blank\">M<\/a><span style=\"color: #ffffff;\"><a style=\"color: #ffffff; text-decoration: underline;\" rel=\"noopener noreferrer\" href=\"https:\/\/www.eamel.net\/blog\/2016\/03\/07\/plog-broer-op-bezoek\/\" target=\"_blank\">aandag, 7 maart 2016<\/a><\/span><\/span><\/strong>&nbsp;&#8211; <em>Maart<\/em> begonnen we met een bezoekje aan mijn broer die voor de gelegenheid z'n bootje weer eens in het pittoreske <em>Vlaardingen<\/em> had <span style=\"text-decoration: underline;\"><a style=\"color: #ffffff; text-decoration: underline;\" rel=\"noopener noreferrer\" href=\"https:\/\/www.eamel.net\/blog\/2016\/03\/07\/plog-broer-op-bezoek\/\" target=\"_blank\">afgemeerd<\/a><\/span>. Iets met achtersteven en '<em>Beam me up, Scotty!'<\/em><\/span><\/p>\n<p><a rel=\"noopener noreferrer\" href=\"https:\/\/www.eamel.net\/blog\/2016\/03\/07\/plog-broer-op-bezoek\/\" target=\"_blank\"><img loading=\"lazy\" decoding=\"async\" class=\"aligncenter\" src=\"https:\/\/www.eamel.net\/blog\/wp-content\/uploads\/22-800.jpg\" alt=\"\" width=\"912\" height=\"912\"\/><\/a><strong><img loading=\"lazy\" decoding=\"async\" class=\"alignleft size-full\" src=\"https:\/\/i.imgur.com\/KeRyJHW.gif\" alt=\"\" width=\"106\" height=\"100\"\/><span style=\"color: #ffffff;\">2. <a style=\"color: #ffffff;\" rel=\"noopener noreferrer\" href=\"https:\/\/www.eamel.net\/blog\/2016\/03\/10\/1-000-000\/\" target=\"_blank\"><span style=\"text-decoration: underline;\">Donderdag, 10 maart 2016<\/span><\/a>&nbsp;<\/span><\/strong><span style=\"color: #ffffff;\">\u2013&nbsp;Een mijlpaal!&nbsp; Na  <span class=\"dhmscountup\" data-time=\"716207518\">8289 days 10 hours 31 minutes 58 seconds<\/span> mag ik zomaar ineens m\u2019n miljoenste <del>bezoeker<\/del> <del>pageview<\/del>&nbsp;<del>bezoeker<\/del> <em>whatever<\/em> begroeten! Ik moest er gewoon een beetje van huilen.<\/span><\/p>\n<p><a rel=\"noopener noreferrer\" href=\"https:\/\/www.eamel.net\/blog\/2016\/03\/10\/1-000-000\/\" target=\"_blank\"><img loading=\"lazy\" decoding=\"async\" class=\"aligncenter\" src=\"https:\/\/www.eamel.net\/blog\/wp-content\/uploads\/1000000-1.gif\" alt=\"\" width=\"912\" height=\"413\"\/><\/a><\/p>\n<p style=\"padding-left: 30px;\"><strong><span style=\"color: #ffffff;\">3. <a style=\"color: #ffffff;\" rel=\"noopener noreferrer\" href=\"https:\/\/www.eamel.net\/blog\/2016\/03\/13\/verantwoord-verval\/\" target=\"_blank\"><span style=\"text-decoration: underline;\">Zondag, 13 maart 2016<\/span><\/a>&nbsp;<\/span><\/strong><span style=\"color: #ffffff;\">&#8211;<\/span><span style=\"color: #ffffff;\">&nbsp;Een zondagse wandeling, een panorama. Soms hoef je niks mee te maken om iets mee te maken.<\/span><\/p>\n<p><a rel=\"noopener noreferrer\" href=\"https:\/\/www.eamel.net\/blog\/2016\/03\/13\/verantwoord-verval\/\" target=\"_blank\"><img loading=\"lazy\" decoding=\"async\" class=\"aligncenter\" src=\"https:\/\/www.eamel.net\/blog\/wp-content\/uploads\/9-800-2.jpg\" alt=\"\" width=\"912\" height=\"488\"\/><\/a><\/p>\n<p style=\"padding-left: 30px;\"><span style=\"color: #ffffff;\"><strong>4. <span style=\"text-decoration: underline;\"><a style=\"color: #ffffff;\" rel=\"noopener noreferrer\" href=\"https:\/\/www.eamel.net\/blog\/2016\/03\/22\/geachte-burgemeester-en-wethouders\/\" target=\"_blank\">D<\/a><\/span><a style=\"color: #ffffff; text-decoration: underline;\" rel=\"noopener noreferrer\" href=\"https:\/\/www.eamel.net\/blog\/2016\/03\/22\/geachte-burgemeester-en-wethouders\/\" target=\"_blank\">insdag, 22 maart 2016<\/a>&nbsp;<\/strong>&#8211; Op die dag vond de gemeente het noodzakelijk \u2018mijn\u2019 reguliere parkeerplek te confisceren. Echter had men natuurlijk even buiten de waard gerekend! Een <span style=\"text-decoration: underline;\"><a style=\"color: #ffffff; text-decoration: underline;\" rel=\"noopener noreferrer\" href=\"https:\/\/www.eamel.net\/blog\/2016\/03\/22\/geachte-burgemeester-en-wethouders\/\" target=\"_blank\">dialoog<\/a><\/span> tussen moi en een lokale ambtenaar.&nbsp;<img loading=\"lazy\" decoding=\"async\" class=\"alignnone\" src=\"https:\/\/yoursmiles.org\/tsmile\/tears\/t2307.gif\" alt=\"\" width=\"37\" height=\"15\"\/><img loading=\"lazy\" decoding=\"async\" class=\"alignnone size-full\" src=\"https:\/\/www.drugsforum.nl\/images\/smilies\/wave.gif\" alt=\"\" width=\"25\" height=\"15\"\/><img loading=\"lazy\" decoding=\"async\" class=\"alignnone size-full\" src=\"https:\/\/firewoodhoardersclub.com\/smilies\/laughing.gif\" alt=\"\" width=\"35\" height=\"26\"\/><\/span><\/p>\n<p><span style=\"color: #ffffff;\"><a rel=\"noopener noreferrer\" href=\"https:\/\/www.eamel.net\/blog\/2016\/03\/22\/geachte-burgemeester-en-wethouders\/\" target=\"_blank\"><img loading=\"lazy\" decoding=\"async\" class=\"aligncenter\" src=\"https:\/\/www.eamel.net\/blog\/wp-content\/uploads\/16-Jan-van-Galenstraat-Google-Maps.jpg\" alt=\"\" width=\"912\" height=\"449\"\/><\/a><\/span><\/p>\n<p style=\"padding-left: 30px;\"><span style=\"color: #ffffff;\"> <strong>5.<\/strong> <span style=\"text-decoration: underline;\"><a style=\"color: #ffffff;\" rel=\"noopener noreferrer\" href=\"https:\/\/www.eamel.net\/blog\/2016\/03\/30\/plog-peaske-2016\/\" target=\"_blank\"><strong>Woensdag, 30 maart 2016<\/strong><\/a><\/span> \u2013 En toen was het eind <em>Maart<\/em>. Omdat \u2018t alweer veels te lang geleden was besloten we <em>Heit en Mem Eamel<\/em> met een bezoekje te vereren. Dit is, wat wij noemen, een <strong><span style=\"text-decoration: underline;\"><a style=\"color: #ffffff; text-decoration: underline;\" rel=\"noopener noreferrer\" href=\"https:\/\/www.eamel.net\/blog\/2016\/03\/30\/plog-peaske-2016\/\" target=\"_blank\">Paasplogje<\/a><\/span><\/strong>. <\/span><\/p>\n<p><center><span style=\"color: #ffffff;\"><div class=\"epyt-video-wrapper\"><iframe loading=\"lazy\"  style=\"display: block; margin: 0px auto;\"  id=\"_ytid_38179\"  width=\"912\" height=\"912\"  data-origwidth=\"912\" data-origheight=\"912\" src=\"https:\/\/www.youtube.com\/embed\/3Hego_SwXaE?enablejsapi=1&origin=https:\/\/www.eamel.net&iv_load_policy=3&autoplay=1&loop=1&playlist=3Hego_SwXaE&fs=0&controls=0&cc_load_policy=0&cc_lang_pref=&rel=-1&playsinline=1&autohide=2&theme=dark&color=red&disablekb=0&\" class=\"__youtube_prefs__  no-lazyload\" title=\"YouTube player\"  allow=\"fullscreen; accelerometer; autoplay; clipboard-write; encrypted-media; gyroscope; picture-in-picture; web-share\" referrerpolicy=\"strict-origin-when-cross-origin\" allowfullscreen data-no-lazy=\"1\" data-skipgform_ajax_framebjll=\"\"><\/iframe><\/div><span itemprop=\"video\" itemscope itemtype=\"http:\/\/schema.org\/VideoObject\"><meta itemprop=\"embedUrl\" content=\"https:\/\/www.youtube.com\/embed\/3Hego_SwXaE\"><meta itemprop=\"name\" content=\"\"><meta itemprop=\"description\" content=\"YouTube video\"><meta itemprop=\"thumbnailUrl\" content=\"https:\/\/i.ytimg.com\/vi\/3Hego_SwXaE\/0.jpg\"><meta itemprop=\"duration\" content=\"\"><meta itemprop=\"uploadDate\" content=\"\"><\/span><\/span><\/center><\/p>\n<p style=\"padding-left: 30px;\"><strong><a style=\"color: #ffffff;\" rel=\"noopener noreferrer\" href=\"#top\" target=\"_self\"><span style=\"font-size: 12px;\">[naar boven]<\/span><\/a><\/strong><\/p>\n<hr \/>\n<p><a id=\"april\"><\/a> <img loading=\"lazy\" decoding=\"async\" class=\"aligncenter size-full\" src=\"https:\/\/i.imgur.com\/nLtzw8F.gif\" alt=\"\" width=\"912\" height=\"816\"\/><\/p>\n<p style=\"padding-left: 30px;\"><span style=\"color: #ffffff; font-family: georgia, palatino, serif; font-size: 48px;\">Niks in april, kikker in je bil.&nbsp;Raar, h\u00e8? <\/span><strong><a style=\"color: #ffffff;\" rel=\"noopener noreferrer\" href=\"#top\" target=\"_self\"><span style=\"font-size: 12px;\">[naar boven]<\/span><\/a><\/strong><\/p>\n<hr \/>\n<p><a id=\"mei\"><\/a> <img loading=\"lazy\" decoding=\"async\" class=\"aligncenter size-full\" src=\"https:\/\/i.imgur.com\/rVI8kl2.gif\" alt=\"\" width=\"912\" height=\"816\"\/><\/p>\n<p style=\"padding-left: 30px;\"><span style=\"color: #ffffff;\"><strong>1.<\/strong> <a style=\"color: #ffffff;\" rel=\"noopener noreferrer\" href=\"https:\/\/www.eamel.net\/blog\/2016\/05\/03\/fit-frommes-femke\/\" target=\"_blank\"><span style=\"text-decoration: underline;\"><strong style=\"color: #ffffff; text-decoration: underline;\">Dinsdag, 3 mei 2016<\/strong><\/span><\/a>&nbsp;\u2013 In mei leggen alle vogels een ei en&nbsp;had ik kennelijk de intentie om weer te gaan hardlopen (ha, ha!).&nbsp;<span style=\"text-decoration: underline;\"><a style=\"color: #ffffff;\" rel=\"noopener noreferrer\" href=\"https:\/\/www.facebook.com\/femke.dewalle.5\" target=\"_blank\"><em>Femke<\/em><\/a><\/span>, de Friese variant van <span style=\"text-decoration: underline;\"><a style=\"color: #ffffff;\" rel=\"noopener noreferrer\" href=\"https:\/\/www.start-to-run.be\/info\/evy-gruyaert\/\" target=\"_blank\"><em>'Ik ben fier op U!'-Evy<\/em><\/a><\/span> en ik besloten de hardloopschoenen weer eens onder te binden. Uiteindelijk is daar niks meer van gekomen, voornamelijk wegens een chronisch <em>geen zin<\/em> aan mijn kant, maar <em>\u00fbs famke<\/em> is wel <span style=\"text-decoration: underline;\"><a style=\"color: #ffffff; text-decoration: underline;\" rel=\"noopener noreferrer\" href=\"https:\/\/www.eamel.net\/blog\/fit-mei-femke\/\" target=\"_blank\">vereeuwigd<\/a><\/span> op uw favoriete blog. D\u00e0t dan weer wel.<\/span><\/p>\n<p><a rel=\"noopener noreferrer\" href=\"https:\/\/www.eamel.net\/blog\/2016\/05\/03\/fit-frommes-femke\/\" target=\"_blank\"><img loading=\"lazy\" decoding=\"async\" class=\"aligncenter\" src=\"https:\/\/www.eamel.net\/blog\/wp-content\/uploads\/rinne.gif\" alt=\"\" width=\"912\" height=\"443\"\/><\/a><\/p>\n<p style=\"padding-left: 30px;\"><span style=\"color: #ffffff;\"><strong>2.<\/strong><\/span> <a style=\"color: #ffffff;\" rel=\"noopener noreferrer\" href=\"https:\/\/www.eamel.net\/blog\/2016\/05\/04\/herdenken\/\" target=\"_blank\"><span style=\"text-decoration: underline;\"><strong style=\"color: #ffffff; text-decoration: underline;\">Woensdag, 4 mei 2016<\/strong><\/span><\/a>&nbsp;<span style=\"color: #ffffff;\">\u2013&nbsp;4 en 5 Mei herdachten we <em>Hen Die Voor Ons Gevallen Zijn<\/em> en op 6 Mei de&nbsp;<span style=\"text-decoration: underline;\"><a style=\"color: #ffffff; text-decoration: underline;\" rel=\"noopener noreferrer\" href=\"https:\/\/www.eamel.net\/blog\/2016\/05\/06\/herdenken-2\/\" target=\"_blank\"><em>Making Of<\/em><\/a><\/span>.&nbsp;<span style=\"text-decoration: underline;\"><a style=\"color: #ffffff;\" rel=\"noopener noreferrer\" href=\"https:\/\/www.eamel.net\/blog\/2016\/05\/06\/herdenken-2\/\" target=\"_blank\"><em>Hoi, Willem!<\/em><\/a><\/span><\/span><\/p>\n<p><center><\/p>\n<hr \/>\n<p><\/center><center><span style=\"color: #ffffff;\"><div class=\"epyt-video-wrapper\"><iframe loading=\"lazy\"  style=\"display: block; margin: 0px auto;\"  id=\"_ytid_35464\"  width=\"912\" height=\"1216\"  data-origwidth=\"912\" data-origheight=\"1216\" src=\"https:\/\/www.youtube.com\/embed\/TpaD4DSnfO8?enablejsapi=1&origin=https:\/\/www.eamel.net&iv_load_policy=3&autoplay=1&loop=1&playlist=TpaD4DSnfO8&fs=0&controls=0&cc_load_policy=0&cc_lang_pref=&rel=-1&playsinline=1&autohide=2&theme=dark&color=red&disablekb=0&\" class=\"__youtube_prefs__  no-lazyload\" title=\"YouTube player\"  allow=\"fullscreen; accelerometer; autoplay; clipboard-write; encrypted-media; gyroscope; picture-in-picture; web-share\" referrerpolicy=\"strict-origin-when-cross-origin\" allowfullscreen data-no-lazy=\"1\" data-skipgform_ajax_framebjll=\"\"><\/iframe><\/div><span itemprop=\"video\" itemscope itemtype=\"http:\/\/schema.org\/VideoObject\"><meta itemprop=\"embedUrl\" content=\"https:\/\/www.youtube.com\/embed\/TpaD4DSnfO8\"><meta itemprop=\"name\" content=\"\"><meta itemprop=\"description\" content=\"YouTube video\"><meta itemprop=\"thumbnailUrl\" content=\"https:\/\/i.ytimg.com\/vi\/TpaD4DSnfO8\/0.jpg\"><meta itemprop=\"duration\" content=\"\"><meta itemprop=\"uploadDate\" content=\"\"><\/span><\/span><\/center><center><\/p>\n<hr \/>\n<p><\/center><\/p>\n<p style=\"padding-left: 30px;\"><span style=\"color: #ffffff;\"><strong>3.<\/strong><\/span> <span style=\"text-decoration: underline;\"><strong style=\"color: #ffffff; text-decoration: underline;\"><a style=\"color: #ffffff;\" rel=\"noopener noreferrer\" href=\"https:\/\/www.eamel.net\/blog\/2016\/05\/09\/sexman-is-coming\/\" target=\"_blank\">M<\/a><span style=\"color: #ffffff;\"><a style=\"color: #ffffff; text-decoration: underline;\" rel=\"noopener noreferrer\" href=\"https:\/\/www.eamel.net\/blog\/2016\/05\/09\/sexman-is-coming\/\" target=\"_blank\">aandag, 9 mei 2016<\/a><\/span><\/strong><\/span>&nbsp;<span style=\"color: #ffffff;\">\u2013 Op deze maandag zag ik me genoodzaakt het feno-meen <span style=\"color: #ff00ff;\"><strong>'Sexman is coming'<\/strong><\/span> te fileren, daar deze sinds kort ook z'n roze intrede heeft gedaan in het <em>Oud-Beijerlandse<\/em>. Conclusie; <em>Sexman<\/em> is<em> gay<\/em>.<\/span><\/p>\n<p><a rel=\"noopener noreferrer\" href=\"https:\/\/www.eamel.net\/blog\/2016\/05\/09\/sexman-is-coming\/\" target=\"_blank\"><img loading=\"lazy\" decoding=\"async\" class=\"aligncenter\" src=\"https:\/\/www.eamel.net\/blog\/wp-content\/uploads\/SEXMANISCOMING-1.jpg\" alt=\"\" width=\"912\" height=\"430\"\/><\/a><\/p>\n<p style=\"padding-left: 30px;\"><span style=\"color: #ffffff;\"><strong>4.<\/strong><\/span>&nbsp;<a rel=\"noopener noreferrer\" href=\"https:\/\/www.eamel.net\/blog\/2016\/05\/14\/kraanvogel\/\" target=\"_blank\"><span style=\"color: #ffffff;\"><b><u>Zaterdag, 14 mei 2016<\/u><\/b><\/span><\/a>&nbsp;<span style=\"color: #ffffff;\">\u2013 Brutalen hebben de halve wereld en dus zag ik op die 14 mei een jeugddroom in vervulling gaan; iets met een bouwkraan en een volle broek.<\/span><\/p>\n<p><center><\/p>\n<hr \/>\n<p><\/center><center><span style=\"color: #ffffff;\"><div class=\"epyt-video-wrapper\"><iframe loading=\"lazy\"  style=\"display: block; margin: 0px auto;\"  id=\"_ytid_42969\"  width=\"912\" height=\"513\"  data-origwidth=\"912\" data-origheight=\"513\" src=\"https:\/\/www.youtube.com\/embed\/5fykZNDcuUQ?enablejsapi=1&origin=https:\/\/www.eamel.net&iv_load_policy=3&autoplay=1&loop=1&playlist=5fykZNDcuUQ&fs=0&controls=0&cc_load_policy=0&cc_lang_pref=&rel=-1&playsinline=1&autohide=2&theme=dark&color=red&disablekb=0&\" class=\"__youtube_prefs__  no-lazyload\" title=\"YouTube player\"  allow=\"fullscreen; accelerometer; autoplay; clipboard-write; encrypted-media; gyroscope; picture-in-picture; web-share\" referrerpolicy=\"strict-origin-when-cross-origin\" allowfullscreen data-no-lazy=\"1\" data-skipgform_ajax_framebjll=\"\"><\/iframe><\/div><span itemprop=\"video\" itemscope itemtype=\"http:\/\/schema.org\/VideoObject\"><meta itemprop=\"embedUrl\" content=\"https:\/\/www.youtube.com\/embed\/5fykZNDcuUQ\"><meta itemprop=\"name\" content=\"\"><meta itemprop=\"description\" content=\"YouTube video\"><meta itemprop=\"thumbnailUrl\" content=\"https:\/\/i.ytimg.com\/vi\/5fykZNDcuUQ\/0.jpg\"><meta itemprop=\"duration\" content=\"\"><meta itemprop=\"uploadDate\" content=\"\"><\/span><\/span><\/center><center><\/p>\n<hr \/>\n<p><\/center><\/p>\n<p style=\"padding-left: 30px;\"><span style=\"color: #ffffff;\"><strong><a rel=\"noopener noreferrer\" href=\"https:\/\/www.eamel.net\/blog\/2016\/05\/18\/normal\/\" target=\"_blank\"><img loading=\"lazy\" decoding=\"async\" class=\"alignleft wp-image-39166 size-full\" src=\"https:\/\/www.eamel.net\/blog\/wp-content\/uploads\/normal.gif\" alt=\"\" width=\"108\" height=\"133\"\/><\/a><span style=\"font-size: 28px;\">5.<\/span><\/strong><\/span><span style=\"font-size: 28px;\">&nbsp;<a rel=\"noopener noreferrer\" href=\"https:\/\/www.eamel.net\/blog\/2016\/05\/18\/normal\/\" target=\"_blank\"><span style=\"color: #ffffff;\"><b><u>Woensdag, 18 mei 2016<\/u><\/b><\/span><\/a>&nbsp;<span style=\"color: #ffffff;\">\u2013 Op die woensdag in mei leverde ik <span style=\"text-decoration: underline;\"><a style=\"color: #ffffff; text-decoration: underline;\" rel=\"noopener noreferrer\" href=\"https:\/\/www.eamel.net\/blog\/2016\/05\/18\/normal\/\" target=\"_blank\">mijn bijdrage<\/a><\/span> aan de wereld van de filosofie en op &#8230;&nbsp;<\/span><\/span><\/p>\n<p style=\"padding-left: 30px;\"><span style=\"color: #ffffff;\"><strong>6.<\/strong><\/span><a rel=\"noopener noreferrer\" href=\"https:\/\/www.eamel.net\/blog\/2016\/05\/31\/de-mok-van-jan\/\" target=\"_blank\"><span style=\"color: #ffffff;\"><b><u>Dinsdag, 31 mei 2016<\/u><\/b><\/span><\/a><span style=\"color: #ffffff;\">\u2013 zag ik als enige in Nederland <span style=\"text-decoration: underline;\"><em><a style=\"color: #ffffff; text-decoration: underline;\" rel=\"noopener noreferrer\" href=\"https:\/\/www.eamel.net\/blog\/2016\/05\/31\/de-mok-van-jan\/\" target=\"_blank\">Jan de Hoop's Grote Verdwijntruc<\/a><\/em><\/span>. Waarom <em>Tibbe<\/em> ineens uit beeld verdween is me nooit duidelijk geworden; <em>Jan<\/em> weigerde alle commentaar.<\/span><\/p>\n<p><a rel=\"noopener noreferrer\" href=\"https:\/\/www.eamel.net\/blog\/2016\/05\/31\/de-mok-van-jan\/\" target=\"_blank\"><img loading=\"lazy\" decoding=\"async\" class=\"aligncenter\" src=\"https:\/\/www.eamel.net\/blog\/wp-content\/uploads\/tibbe.gif\" alt=\"\" width=\"912\" height=\"979\"\/><\/a><\/p>\n<p style=\"padding-left: 30px;\"><strong><a style=\"color: #ffffff;\" rel=\"noopener noreferrer\" href=\"#top\" target=\"_self\"><span style=\"font-size: 12px;\">[naar boven]<\/span><\/a><\/strong><\/p>\n<hr \/>\n<p><a id=\"juni\"><\/a><img loading=\"lazy\" decoding=\"async\" class=\"aligncenter size-full\" src=\"https:\/\/i.imgur.com\/qKIcIkN.gif\" alt=\"\" width=\"912\" height=\"816\"\/><\/p>\n<p style=\"padding-left: 30px;\"><span style=\"color: #ffffff;\"><strong>1.<\/strong><\/span>&nbsp;<span style=\"color: #ffffff;\"><b><span style=\"text-decoration: underline; color: #ffffff;\"><a style=\"color: #ffffff; text-decoration: underline;\" rel=\"noopener noreferrer\" href=\"https:\/\/www.eamel.net\/blog\/2016\/06\/03\/plog-de-werkplek\/\" target=\"_blank\">Vrijdag, 3 juni 2016<\/a><\/span>&nbsp;<\/b><\/span><span style=\"color: #ffffff;\">\u2013 Juni begon met een<em> 'bonding'<\/em> momentje met <span style=\"text-decoration: underline;\"><a style=\"color: #ffffff;\" rel=\"noopener noreferrer\" href=\"https:\/\/www.eamel.net\/blog\/2016\/06\/03\/plog-de-werkplek\/\" target=\"_blank\"><em>hem van Koelman<\/em><\/a><\/span> onder het mom van <em>'laat me uw werkplek zien en ik vertel u wie u bent'<\/em>. De mijne gaf meer prijs dan de bedoeling was &#8230;&nbsp;<\/span><\/p>\n<p><a rel=\"noopener noreferrer\" href=\"https:\/\/www.eamel.net\/blog\/2016\/06\/03\/plog-de-werkplek\/\" target=\"_blank\"><img loading=\"lazy\" decoding=\"async\" class=\"aligncenter\" src=\"https:\/\/www.eamel.net\/blog\/wp-content\/uploads\/1b-1.jpg\" alt=\"\" width=\"912\" height=\"912\"\/><\/a><\/p>\n<p style=\"padding-left: 30px;\"><span style=\"color: #ffffff;\"><strong>2.<\/strong><\/span>&nbsp;<span style=\"color: #ffffff;\"><b><a rel=\"noopener noreferrer\" href=\"https:\/\/www.eamel.net\/blog\/2016\/06\/07\/beste-bolletje\/\" target=\"_blank\"><span style=\"text-decoration: underline; color: #ffffff;\">Dinsdag, 7 juni 2016<\/span><\/a>&nbsp;<\/b><\/span><span style=\"color: #ffffff;\">\u2013 Op zeven juni in het <em>Jaar Des Heeren<\/em> 2016 schreef ik een open brief naar mijn <a style=\"color: #ffffff;\" rel=\"noopener noreferrer\" href=\"https:\/\/www.eamel.net\/blog\/2016\/06\/07\/beste-bolletje\/\" target=\"_blank\"><em>kn\u00e4ckebr\u00f6dleverancier<\/em><\/a>. Want zomaar twee crackers weglaten uit mijn dagelijkse dosis ontbijt, dat kan natuurlijk niet.&nbsp;Moet gezegd worden; <em>Bolletje<\/em> <span style=\"text-decoration: underline;\"><a style=\"color: #ffffff; text-decoration: underline;\" rel=\"noopener noreferrer\" href=\"https:\/\/www.eamel.net\/blog\/2016\/06\/07\/beste-bolletje\/\" target=\"_blank\">ging er fijn in mee <\/a><\/span>en tsjakka!, zevenhonderd pageviews en een doosje nieuwe crackers <em>pour moi<\/em>. <strong>Ik &#x2665; Bolletje<\/strong>.<\/span><\/p>\n<p style=\"padding-left: 30px;\"><span style=\"color: #ffffff;\"><em>(Later niet meer want men besloot de suiker achterwege te laten in het recept en toen ineens was Bolletjes' kn\u00e4ckebr\u00f6d niet meer te vreten. Tegenwoordig haal ik 'm alleen nog voor merkloos beschuit eruit (rare zin maar je begreep 'm))<\/em><\/span><\/p>\n<p><a href=\"https:\/\/www.eamel.net\/blog\/2016\/06\/07\/beste-bolletje\/\"><img loading=\"lazy\" decoding=\"async\" class=\"aligncenter\" src=\"https:\/\/www.eamel.net\/blog\/wp-content\/uploads\/bestebolletje800.jpg\" alt=\"\" width=\"912\" height=\"468\"\/><\/a><\/p>\n<p style=\"padding-left: 30px;\"><span style=\"color: #ffffff;\"><strong><img loading=\"lazy\" decoding=\"async\" class=\"alignleft size-full\" src=\"https:\/\/i.imgur.com\/BFXQqOD.gif\" alt=\"\" width=\"100\" height=\"145\"\/><span style=\"font-size: 20px;\">3.<\/span><\/strong><\/span><span style=\"font-size: 18px;\">&nbsp;<span style=\"color: #ffffff;\"><b><a rel=\"noopener noreferrer\" href=\"https:\/\/www.eamel.net\/blog\/2016\/06\/19\/stairway-to-engels\/\" target=\"_blank\"><span style=\"text-decoration: underline; color: #ffffff;\">Zondag, 19 juni 2016<\/span><\/a>&nbsp;<\/b><\/span><span style=\"color: #ffffff;\">\u2013 was de dag van de overtreffende trap. Nah, eigenlijk een paar dagen eerder maar ik moest zo nodig weer een geanimeerd gifje maken van het geheel, wat vervolgens drie dagen duurde. <em>Anyhoo<\/em>, <span style=\"text-decoration: underline;\"><a style=\"color: #ffffff; text-decoration: underline;\" rel=\"noopener noreferrer\" href=\"https:\/\/moe-moe.nl\/the-lady-and-the-trap\/\" target=\"_blank\">mevrouw<\/a><\/span> <em><span style=\"text-decoration: underline;\"><a rel=\"noopener noreferrer\" href=\"https:\/\/moe-moe.nl\/the-lady-and-the-trap\/\" target=\"_blank\"><span style=\"color: #ffffff; text-decoration: underline;\">Moe-Moe<\/span><\/a><\/span> et moi<\/em> namen van de gelegenheid gebruik \u00e9n <a style=\"color: #ffffff;\" rel=\"noopener noreferrer\" href=\"http:\/\/www.rotterdamviertdestad.nl\/nieuws\/gigantische-trap-op-stationsplein-naar-groot-handelsgebouw\/\" target=\"_blank\"><em>De Trap<\/em><\/a>, trede voor trede, in de stromende rege.<\/span><\/span><\/p>\n<p style=\"padding-left: 30px;\"><span style=\"font-size: 18px;\"><span style=\"color: #ffffff;\"><strong>4.<\/strong><\/span>&nbsp;<span style=\"color: #ffffff;\"><b><span style=\"text-decoration: underline;\"><a rel=\"noopener noreferrer\" href=\"https:\/\/www.eamel.net\/blog\/2016\/06\/29\/terband-international\/\" target=\"_blank\"><span style=\"color: #ffffff; text-decoration: underline;\">Woensdag, 29 juni 2016<\/span><\/a><\/span>&nbsp;<\/b><\/span><span style=\"color: #ffffff;\">\u2013 Wat een wereldreiziger is die man. Want tien dagen na <em><span style=\"text-decoration: underline;\"><a style=\"color: #ffffff; text-decoration: underline;\" rel=\"noopener noreferrer\" href=\"https:\/\/www.eamel.net\/blog\/2016\/06\/19\/stairway-to-engels\/\" target=\"_blank\">De Trap<\/a><\/span><\/em> zat ik alweer in het <em><span style=\"text-decoration: underline;\"><a style=\"color: #ffffff; text-decoration: underline;\" rel=\"noopener noreferrer\" href=\"https:\/\/www.eamel.net\/blog\/2016\/06\/29\/terband-international\/\" target=\"_blank\">Friese Terbant\/Terband<\/a><\/span><\/em>, alwaar we besloten <a style=\"color: #ffffff;\" rel=\"noopener noreferrer\" href=\"https:\/\/witness.theguardian.com\/user\/ID2813793\" target=\"_blank\"><em>de allerberoemptste bushalte<\/em> <em>ter wereld<\/em><\/a> te vereeuwigen.<\/span><\/span><\/p>\n<p><a href=\"https:\/\/www.eamel.net\/blog\/2016\/06\/29\/terband-international\/\"><img loading=\"lazy\" decoding=\"async\" class=\"aligncenter\" src=\"https:\/\/www.eamel.net\/blog\/wp-content\/uploads\/4_800-3.jpg\" alt=\"\" width=\"912\" height=\"712\"\/><\/a><\/p>\n<p style=\"padding-left: 30px;\"><strong><a style=\"color: #ffffff;\" rel=\"noopener noreferrer\" href=\"#top\" target=\"_self\"><span style=\"font-size: 12px;\">[naar boven]<\/span><\/a><\/strong><\/p>\n<hr \/>\n<p><a id=\"juli\"><\/a><img loading=\"lazy\" decoding=\"async\" class=\"aligncenter size-full\" src=\"https:\/\/i.imgur.com\/lwMKzCZ.gif\" alt=\"\" width=\"912\" height=\"804\"\/><\/p>\n<p style=\"padding-left: 30px;\"><span style=\"color: #ffffff;\"><strong>1.<\/strong><\/span>&nbsp;<span style=\"color: #ffffff;\"><b><span style=\"color: #ffffff;\"><a style=\"color: #ffffff;\" rel=\"noopener noreferrer\" href=\"https:\/\/www.eamel.net\/blog\/2016\/07\/17\/box\/\" target=\"_blank\"><span style=\"text-decoration: underline;\">Zondag, 17 juli 2016<\/span><\/a><\/span>&nbsp;<\/b><\/span><span style=\"color: #ffffff;\">\u2013 Gezien de opbrengst van slechts \u00e9\u00e9n stukske, die maand, kan ik eruit concluderen dat ik iets van een leven had. <span style=\"text-decoration: underline;\"><a style=\"color: #ffffff;\" rel=\"noopener noreferrer\" href=\"https:\/\/www.eamel.net\/blog\/2016\/07\/17\/box\/\" target=\"_blank\"><em>Creatief Met Doos<\/em><\/a><\/span>. Tja.<\/span><\/p>\n<p><a rel=\"noopener noreferrer\" href=\"https:\/\/www.eamel.net\/blog\/2016\/07\/17\/box\/\" target=\"_blank\"><img loading=\"lazy\" decoding=\"async\" class=\"aligncenter wp-image-39213\" src=\"https:\/\/www.eamel.net\/blog\/wp-content\/uploads\/eamel.net-blog-1.png\" alt=\"\" width=\"912\" height=\"646\"\/><\/a><\/p>\n<p style=\"padding-left: 30px;\"><strong><a style=\"color: #ffffff;\" rel=\"noopener noreferrer\" href=\"#top\" target=\"_self\"><span style=\"font-size: 12px;\">[naar boven]<\/span><\/a><\/strong><\/p>\n<hr \/>\n<p><a id=\"augustus\"><\/a><img loading=\"lazy\" decoding=\"async\" class=\"aligncenter size-full\" src=\"https:\/\/i.imgur.com\/TiRBNCp.gif\" alt=\"\" width=\"912\" height=\"804\"\/><\/p>\n<p style=\"padding-left: 30px;\"><span style=\"color: #ffffff;\"><strong>1.<\/strong><\/span>&nbsp;<span style=\"color: #ffffff;\"><b><span style=\"text-decoration: underline;\"><a style=\"color: #ffffff; text-decoration: underline;\" rel=\"noopener noreferrer\" href=\"https:\/\/www.eamel.net\/blog\/2016\/08\/13\/goed-nieuws-show\/\" target=\"_blank\">Zaterdag, 13 augustus 2016<\/a><\/span><\/b><b>&nbsp;<\/b><\/span><span style=\"color: #ffffff;\">\u2013 Ook voor medische tremo.. termi.. termalo.. kreten draaien we ons de hand niet om op dit marginale blogje en dus kon ik mijn gevolg meedelen dat ik, na dertig jaar long-asfalteren, desondanks in het bezit <del>was<\/del> ben van een <em>gezonde thorax<\/em> en een <em>slank<\/em> hart. Hoera.<\/span><\/p>\n<p><a rel=\"noopener noreferrer\" href=\"https:\/\/www.eamel.net\/blog\/2016\/08\/13\/goed-nieuws-show\/\" target=\"_blank\"><img loading=\"lazy\" decoding=\"async\" class=\"aligncenter\" src=\"https:\/\/www.eamel.net\/blog\/wp-content\/uploads\/blazen_800.gif\" alt=\"\" width=\"912\" height=\"912\"\/><\/a><\/p>\n<p style=\"padding-left: 30px;\"><span style=\"color: #ffffff;\"><strong><a rel=\"noopener noreferrer\" href=\"https:\/\/www.eamel.net\/blog\/2016\/08\/14\/drumband-voor-een\/\" target=\"_blank\"><img loading=\"lazy\" decoding=\"async\" class=\"alignleft wp-image-39223 size-full\" src=\"https:\/\/www.eamel.net\/blog\/wp-content\/uploads\/Naamloos-1-8.jpg\" alt=\"\" width=\"125\" height=\"140\"\/><\/a><span style=\"font-size: 28px;\">2.<\/span><\/strong><\/span><span style=\"font-size: 28px;\">&nbsp;<span style=\"color: #ffffff;\"><span style=\"text-decoration: underline;\"><a style=\"color: #ffffff;\" rel=\"noopener noreferrer\" href=\"https:\/\/www.eamel.net\/blog\/2016\/08\/14\/drumband-voor-een\/\" target=\"_blank\"><b>Zondag, 14 augustus 2016<\/b><\/a><\/span><b>&nbsp;<\/b><\/span><span style=\"color: #ffffff;\">\u2013 W\u00e9rkelijk g\u00e9\u00e9n idee. Iets met <em>Josti<\/em>'s, <em>Phil Collins<\/em> en ontbrekende talenten. Anyway. <strong><span style=\"text-decoration: underline; color: #ffffff;\"><a style=\"color: #ffffff; text-decoration: underline;\" rel=\"noopener noreferrer\" href=\"https:\/\/www.eamel.net\/blog\/2016\/08\/14\/drumband-voor-een\/\" target=\"_blank\">#throwbacksunday<\/a><\/span>&nbsp;<\/strong>Dus.<\/span><\/span><\/p>\n<p style=\"padding-left: 30px;\"><span style=\"color: #ffffff;\"><strong><img loading=\"lazy\" decoding=\"async\" class=\"alignleft wp-image-39231\" src=\"https:\/\/www.eamel.net\/blog\/wp-content\/uploads\/ikke3.jpg\" alt=\"\" width=\"150\" height=\"122\"\/>3.<\/strong><\/span>&nbsp;<span style=\"color: #ffffff;\"><b style=\"color: #ffffff;\"><span style=\"text-decoration: underline; color: #ffffff;\"><a style=\"color: #ffffff; text-decoration: underline;\" rel=\"noopener noreferrer\" href=\"https:\/\/www.eamel.net\/blog\/2016\/08\/22\/13-jaar-eamel-net\/\" target=\"_blank\">Maandag, 22 augustus<\/a><\/span>&nbsp;<\/b><\/span><span style=\"color: #ffffff;\">\u2013 Een jubileum! Dertien jaar daarvoor, op <span style=\"text-decoration: underline;\"><a style=\"color: #ffffff; text-decoration: underline;\" rel=\"noopener noreferrer\" href=\"https:\/\/web.archive.org\/web\/20040126201713\/http:\/\/www.eamel.web-log.nl\/\" target=\"_blank\">maandag 22 augustus 2003 om half twee 's nachts<\/a><\/span> <em>to be exact<\/em>, vond m'n blogje zijn oorsprong bij <em>web-log.nl.<\/em> Inmiddels is die allang ter ziele en dus<em> cheat<\/em> ik een beetje maar geen hond die daarom kraait. <em>Hoezee! Hoezee! Hoezee!<\/em><\/span><\/p>\n<p><a href=\"https:\/\/www.eamel.net\/blog\/2016\/08\/22\/13-jaar-eamel-net\/\"><img loading=\"lazy\" decoding=\"async\" class=\"aligncenter wp-image-39229\" src=\"https:\/\/www.eamel.net\/blog\/wp-content\/uploads\/Object-Capture-1.jpg\" alt=\"\" width=\"912\" height=\"1491\" srcset=\"https:\/\/www.eamel.net\/blog\/wp-content\/uploads\/\/Object-Capture-1.jpg 600w, https:\/\/www.eamel.net\/blog\/wp-content\/uploads\/\/Object-Capture-1-183x300.jpg 183w, https:\/\/www.eamel.net\/blog\/wp-content\/uploads\/\/Object-Capture-1-489x800.jpg 489w\" sizes=\"auto, (max-width: 912px) 100vw, 912px\" \/><\/a><\/p>\n<p style=\"padding-left: 30px;\"><span style=\"color: #ffffff;\"><strong><a rel=\"noopener noreferrer\" href=\"https:\/\/www.eamel.net\/blog\/2016\/08\/26\/plog-zomaar-een-dag\/\" target=\"_blank\"><img loading=\"lazy\" decoding=\"async\" class=\"alignleft\" src=\"https:\/\/i.imgur.com\/ZK9C5Rt.gif\" alt=\"\" width=\"291\" height=\"195\"\/><\/a><span style=\"font-size: 20px;\">4.<\/span><\/strong><\/span><span style=\"font-size: 20px;\">&nbsp;<span style=\"color: #ffffff;\"><b style=\"color: #ffffff;\"><span style=\"text-decoration: underline; color: #ffffff;\"><a style=\"color: #ffffff;\" rel=\"noopener noreferrer\" href=\"https:\/\/www.eamel.net\/blog\/2016\/08\/26\/plog-zomaar-een-dag\/\" target=\"_blank\">Vrijdag, 26 augustus 2016<\/a><\/span>&nbsp;<\/b><\/span><span style=\"color: #ffffff;\">\u2013 Wegens een vermeende hittegolf besloot mijn mevrouw dat we naar <span style=\"text-decoration: underline;\"><a style=\"color: #ffffff;\" rel=\"noopener noreferrer\" href=\"https:\/\/www.eamel.net\/blog\/2016\/08\/26\/plog-zomaar-een-dag\/\" target=\"_blank\"><em>De Banaan<\/em><\/a><\/span> zouden gaan. Het werd geen succes. Dat lag niet aan mevrouw maar aan <em>De Banaan<\/em>.<\/span><\/span><\/p>\n<p style=\"padding-left: 30px;\"><strong><a style=\"color: #ffffff;\" rel=\"noopener noreferrer\" href=\"#top\" target=\"_self\"><span style=\"font-size: 12px;\">[naar boven]<\/span><\/a><\/strong><\/p>\n<hr \/>\n<p><a id=\"september\"><\/a><img loading=\"lazy\" decoding=\"async\" class=\"aligncenter size-full\" src=\"https:\/\/i.imgur.com\/a0zwpRd.gif\" alt=\"\" width=\"912\" height=\"804\"\/><\/p>\n<p style=\"padding-left: 30px;\"><span style=\"color: #ffffff;\"><strong>1.<\/strong><\/span>&nbsp;<span style=\"color: #ffffff;\"><b style=\"color: #ffffff;\"><span style=\"text-decoration: underline; color: #ffffff;\"><a style=\"color: #ffffff;\" rel=\"noopener noreferrer\" href=\"https:\/\/www.eamel.net\/blog\/2016\/09\/06\/touch-disease\/\" target=\"_blank\">Dinsdag, 6 september 2016<\/a><\/span>&nbsp;<\/b><\/span><span style=\"color: #ffffff;\">\u2013 September werd gedomineerd door <em>Touch Disease<\/em>, een <a style=\"color: #ffffff;\" rel=\"noopener noreferrer\" href=\"https:\/\/motherboard.vice.com\/read\/iphone-6-plus-touch-disease-touch-ic-engineering-flaw\" target=\"_blank\">wereldwijd <em>Apple Iphone<\/em>-probleem<\/a> waar -natuurlijk- geen \u00e9nkele telefoonboer 'van gehoord had' en Apple zich keurig van z'n verantwoordelijkheden <del>kwijtte<\/del> kweet door \u00e9\u00e9n en ander, tot op de dag van vandaag, hardnekkig te ontkennen. En daar moest ik natuurlijk even over heen plassen d.m.v. een literair-verantwoorde <span style=\"text-decoration: underline;\"><a style=\"color: #ffffff;\" rel=\"noopener noreferrer\" href=\"https:\/\/www.eamel.net\/blog\/2016\/09\/06\/touch-disease\/\" target=\"_blank\"><strong><em>FUCK YOU<\/em><\/strong><\/a><\/span>! <\/span><\/p>\n<p><a rel=\"noopener noreferrer\" href=\"https:\/\/www.eamel.net\/blog\/2016\/09\/06\/touch-disease\/\" target=\"_blank\"><img loading=\"lazy\" decoding=\"async\" class=\"aligncenter\" src=\"https:\/\/i.imgur.com\/G8ciMYL.gif\" alt=\"\" width=\"912\" height=\"693\"\/><\/a><\/p>\n<p style=\"padding-left: 30px;\"><span style=\"color: #ffffff;\"><strong>2.<\/strong><\/span>&nbsp;<span style=\"color: #ffffff;\"><b style=\"color: #ffffff;\"><span style=\"text-decoration: underline; color: #ffffff;\"><a style=\"color: #ffffff;\" rel=\"noopener noreferrer\" href=\"https:\/\/www.eamel.net\/blog\/2016\/09\/28\/brat-belt\/\" target=\"_blank\">Woensdag, 28 september 2016<\/a><\/span>&nbsp;<\/b><\/span><span style=\"color: #ffffff;\">\u2013 Nadat de <span style=\"text-decoration: underline;\"><a style=\"color: #ffffff; text-decoration: underline;\" rel=\"noopener noreferrer\" href=\"http:\/\/www.nu.nl\/achterklap\/4324484\/angelina-jolie-en-brad-pitt-gaan-scheiden.html\" target=\"_blank\">vliezen<\/a><\/span> van<span style=\"text-decoration: underline;\"> <a style=\"color: #ffffff; text-decoration: underline;\" rel=\"noopener noreferrer\" href=\"https:\/\/www.eamel.net\/blog\/2016\/09\/28\/brat-belt\/\" target=\"_blank\"><em>Brangelina<\/em>'s nieuws<\/a><\/span> gebroken waren, hing <em>Brat<\/em>&nbsp;aan de telefoon. Ik had geen zin om op te nemen want euh.. <em>what have you done for me lately<\/em>, weet je. Maar goed.<\/span><\/p>\n<hr \/>\n<p><center><span style=\"color: #ffffff;\"><div class=\"epyt-video-wrapper\"><iframe loading=\"lazy\"  style=\"display: block; margin: 0px auto;\"  id=\"_ytid_60634\"  width=\"912\" height=\"513\"  data-origwidth=\"912\" data-origheight=\"513\"  data-relstop=\"1\" src=\"https:\/\/www.youtube.com\/embed\/ffAsoQC2bC0?enablejsapi=1&origin=https:\/\/www.eamel.net&iv_load_policy=3&autoplay=0&cc_load_policy=0&cc_lang_pref=&loop=0&rel=0&fs=1&playsinline=1&autohide=2&theme=dark&color=red&controls=1&disablekb=0&\" class=\"__youtube_prefs__  no-lazyload\" title=\"YouTube player\"  allow=\"fullscreen; accelerometer; autoplay; clipboard-write; encrypted-media; gyroscope; picture-in-picture; web-share\" referrerpolicy=\"strict-origin-when-cross-origin\" allowfullscreen data-no-lazy=\"1\" data-skipgform_ajax_framebjll=\"\"><\/iframe><\/div><span itemprop=\"video\" itemscope itemtype=\"http:\/\/schema.org\/VideoObject\"><meta itemprop=\"embedUrl\" content=\"https:\/\/www.youtube.com\/embed\/ffAsoQC2bC0\"><meta itemprop=\"name\" content=\"\"><meta itemprop=\"description\" content=\"YouTube video\"><meta itemprop=\"thumbnailUrl\" content=\"https:\/\/i.ytimg.com\/vi\/ffAsoQC2bC0\/0.jpg\"><meta itemprop=\"duration\" content=\"\"><meta itemprop=\"uploadDate\" content=\"\"><\/span><\/span><\/center><center><\/p>\n<hr \/>\n<p><\/center><\/p>\n<p style=\"padding-left: 30px;\"><strong><a style=\"color: #ffffff;\" rel=\"noopener noreferrer\" href=\"#top\" target=\"_self\"><span style=\"font-size: 12px;\">[naar boven]<\/span><\/a><\/strong><\/p>\n<hr \/>\n<p><a id=\"oktober\"><\/a><img loading=\"lazy\" decoding=\"async\" class=\"aligncenter size-full\" src=\"https:\/\/i.imgur.com\/GNG1DYH.gif\" alt=\"\" width=\"912\" height=\"804\"\/><\/p>\n<p style=\"padding-left: 30px;\"><span style=\"color: #ffffff;\"><strong>1.<\/strong><\/span>&nbsp;<span style=\"color: #ffffff;\"><b style=\"color: #ffffff;\"><span style=\"text-decoration: underline; color: #ffffff;\"><a style=\"color: #ffffff;\" rel=\"noopener noreferrer\" href=\"https:\/\/www.eamel.net\/blog\/2016\/10\/06\/computer-hardware-chart\/\" target=\"_blank\">Donderdag, 6 oktober 2016<\/a><\/span>&nbsp;<\/b><\/span><span style=\"color: #ffffff;\">\u2013 <em>Nerd-Alert!<\/em> Alleen interessant voor <del>hen<\/del> zij die op de hoogte willen zijn van alle computer-aansluitingen ooit gemaakt. Daar val jij waarschijnlijk niet onder.<\/span><\/p>\n<p><a rel=\"noopener noreferrer\" href=\"https:\/\/www.eamel.net\/blog\/2016\/10\/06\/computer-hardware-chart\/\" target=\"_blank\"><img loading=\"lazy\" decoding=\"async\" class=\"aligncenter wp-image-39248\" src=\"https:\/\/www.eamel.net\/blog\/wp-content\/uploads\/computerhardwarechart800-1.jpg\" alt=\"\" width=\"912\" height=\"1213\" srcset=\"https:\/\/www.eamel.net\/blog\/wp-content\/uploads\/\/computerhardwarechart800-1.jpg 600w, https:\/\/www.eamel.net\/blog\/wp-content\/uploads\/\/computerhardwarechart800-1-226x300.jpg 226w\" sizes=\"auto, (max-width: 912px) 100vw, 912px\" \/><\/a><\/p>\n<p style=\"padding-left: 30px;\"><span style=\"color: #ffffff;\"><strong>2.<\/strong><\/span>&nbsp;<span style=\"color: #ffffff;\"><b style=\"color: #ffffff;\"><a rel=\"noopener noreferrer\" href=\"https:\/\/www.eamel.net\/blog\/2016\/10\/30\/plog-buter-brea-en-wer-nei-boppe-ta\/\" target=\"_blank\"><span style=\"text-decoration: underline; color: #ffffff;\">Zondag, 30 oktober 2016<\/span><\/a>&nbsp;<\/b><\/span><span style=\"color: #ffffff;\">\u2013 Waarschijnlijk \u00e9\u00e9n van mijn succesvolste <\/span><em style=\"color: #ffffff;\"><a style=\"color: #ffffff;\" rel=\"noopener noreferrer\" href=\"https:\/\/www.eamel.net\/blog\/category\/plog\/\" target=\"_blank\">plogjes<\/a><\/em><span style=\"color: #ffffff;\"> ooit; <\/span><span style=\"text-decoration: underline;\"><strong style=\"color: #ffffff;\"><a style=\"color: #ffffff;\" rel=\"noopener noreferrer\" href=\"https:\/\/www.eamel.net\/blog\/2016\/10\/30\/plog-buter-brea-en-wer-nei-boppe-ta\/\" target=\"_blank\"><em>B\u00fbter, brea en wer nei boppe ta<\/em><\/a><\/strong><\/span><span style=\"color: #ffffff;\">. Steekwoorden: <\/span><em style=\"color: #ffffff;\">Heerenveen, Deit &amp; Mem, wc-selfies, open armen, whisky en&nbsp;<\/em><span style=\"color: #ffffff;\"><i>Tompouces<\/i>. <em>'Ik maak wat mee'<\/em>, zei <em>De Zee<\/em>, en hij ploegde voort.<\/span><\/p>\n<p><a rel=\"noopener noreferrer\" href=\"https:\/\/www.eamel.net\/blog\/2016\/10\/30\/plog-buter-brea-en-wer-nei-boppe-ta\/\" target=\"_blank\"><img loading=\"lazy\" decoding=\"async\" class=\"aligncenter\" src=\"https:\/\/www.eamel.net\/blog\/wp-content\/uploads\/1-4.jpg\" alt=\"\" width=\"912\" height=\"912\"\/><\/a><\/p>\n<p style=\"padding-left: 30px;\"><strong><a style=\"color: #ffffff;\" rel=\"noopener noreferrer\" href=\"#top\" target=\"_self\"><span style=\"font-size: 12px;\">[naar boven]<\/span><\/a><\/strong><\/p>\n<hr \/>\n<p><a id=\"november\"><\/a><img loading=\"lazy\" decoding=\"async\" class=\"aligncenter size-full\" src=\"https:\/\/i.imgur.com\/jOlT6tp.gif\" alt=\"\" width=\"912\" height=\"804\"\/><\/p>\n<p style=\"padding-left: 30px;\"><span style=\"color: #ffffff;\"><strong>1.<\/strong><\/span>&nbsp;<span style=\"color: #ffffff;\"><b style=\"color: #ffffff;\"><span style=\"text-decoration: underline;\"><span style=\"color: #ffffff;\"><a style=\"color: #ffffff;\" rel=\"noopener noreferrer\" href=\"https:\/\/www.eamel.net\/blog\/2016\/11\/02\/plog-halloween\/\" target=\"_blank\">Woensdag, 2 november 2016<\/a><\/span><\/span>&nbsp;<\/b><\/span><span style=\"color: #ffffff;\">\u2013 <em>November<\/em> was een productieve maand, bloggewijs. De <em>kick-off<\/em> was ons <span style=\"text-decoration: underline;\"><em><a style=\"color: #ffffff; text-decoration: underline;\" rel=\"noopener noreferrer\" href=\"https:\/\/www.eamel.net\/blog\/2016\/11\/02\/plog-halloween\/\" target=\"_blank\">Halloweenfeestje<\/a><\/em><\/span> en 't enorme &#8211;<strong>#kuch-<\/strong> succes wat we hadden met onze spectaculaire geesten-projectie.<em>Anyway<\/em>; <strong><em>wij<\/em><\/strong> hadden lol. Daar is ook wat voor te zeggen.<\/span><\/p>\n<p><a rel=\"noopener noreferrer\" href=\"https:\/\/www.eamel.net\/blog\/2016\/11\/02\/plog-halloween\/\" target=\"_blank\"><img loading=\"lazy\" decoding=\"async\" class=\"aligncenter\" src=\"https:\/\/i.imgur.com\/n0Uxfni.gif\" alt=\"\" width=\"912\" height=\"912\"\/><\/a><\/p>\n<p style=\"padding-left: 30px;\"><span style=\"color: #ffffff;\"><strong><a rel=\"noopener noreferrer\" href=\"https:\/\/www.eamel.net\/blog\/2016\/11\/11\/nijsgjirrich-nei-15-heech\/\" target=\"_blank\"><img loading=\"lazy\" decoding=\"async\" class=\"alignleft wp-image-39258 size-full\" src=\"https:\/\/www.eamel.net\/blog\/wp-content\/uploads\/selfie_800-1.jpg\" alt=\"\" width=\"150\" height=\"150\" srcset=\"https:\/\/www.eamel.net\/blog\/wp-content\/uploads\/\/selfie_800-1.jpg 150w, https:\/\/www.eamel.net\/blog\/wp-content\/uploads\/\/selfie_800-1-140x140.jpg 140w, https:\/\/www.eamel.net\/blog\/wp-content\/uploads\/\/selfie_800-1-100x100.jpg 100w\" sizes=\"auto, (max-width: 150px) 100vw, 150px\" \/><\/a><span style=\"font-size: 20px;\">2.<\/span><\/strong><\/span><span style=\"font-size: 17px;\">&nbsp;<span style=\"color: #ffffff;\"><b style=\"color: #ffffff;\"><span style=\"text-decoration: underline; color: #ffffff;\"><a style=\"color: #ffffff;\" rel=\"noopener noreferrer\" href=\"https:\/\/www.eamel.net\/blog\/2016\/11\/11\/nijsgjirrich-nei-15-heech\/\" target=\"_blank\">Vrijdag, 11 november 2016<\/a><\/span>&nbsp;<\/b><\/span><span style=\"color: #ffffff;\">\u2013 Op 11 november schreef ik weer eens in het <em>Fries<\/em>. Ditmaal een onderwerp waar over ik al jaren iets kwijt wilde; het keukenkastdeurtje van <em><span style=\"text-decoration: underline;\"><a style=\"color: #ffffff; text-decoration: underline;\" rel=\"noopener noreferrer\" href=\"https:\/\/www.eamel.net\/blog\/2016\/11\/11\/nijsgjirrich-nei-15-heech\/\" target=\"_blank\">Sjoerd, de kunstenaar<\/a><\/span><\/em>. Dat ik hem dat weekend toevallig tegenkwam zal ongetwijfeld hebben bijgedragen aan het ontstaan van voornoemd stukske.<\/span><\/span><\/p>\n<p style=\"padding-left: 30px;\"><span style=\"color: #ffffff;\"><strong>3. + 5.&nbsp;<\/strong><\/span><span style=\"color: #ffffff;\"><b style=\"color: #ffffff;\"><span style=\"text-decoration: underline;\">Zondag, 20 &amp; woensdag, 23 november 2016<\/span>&nbsp;<\/b><\/span><span style=\"color: #ffffff;\">\u2013 Die twee combineer ik maar even vanwege de overeenkomstige inhoud. <a style=\"color: #ffffff;\" rel=\"noopener noreferrer\" href=\"https:\/\/www.eamel.net\/blog\/2016\/11\/23\/pointless-video\/\" target=\"_blank\">Onderstaande<\/a> is van de 20<sup>ste<\/sup> en <span style=\"text-decoration: underline;\"><a style=\"color: #ffffff; text-decoration: underline;\" rel=\"noopener noreferrer\" href=\"https:\/\/www.eamel.net\/blog\/2016\/11\/23\/pointless-video\/\" target=\"_blank\">hier<\/a><\/span> die van de 23<sup>ste<\/sup> november. In het kort; ik was wat melancholisch en besloot dat in beeld om te zetten. Dat is 't wel zo'n beetje. Soms heb je van die dagen, weet je.<\/span><\/p>\n<p><center><\/p>\n<blockquote class=\"instagram-media\" style=\"background: #FFF; border: 0; border-radius: 3px; box-shadow: 0 0 1px 0 rgba(0,0,0,0.5),0 1px 10px 0 rgba(0,0,0,0.15); margin: 1px; max-width: 912px; padding: 0; width: calc(100% - 2px);\" data-instgrm-captioned=\"\" data-instgrm-version=\"7\">\n<div style=\"padding: 8px;\">\n<div style=\"background: #F8F8F8; line-height: 0; margin-top: 40px; padding: 50.0% 0; text-align: center; width: 100%;\">&nbsp;<\/div>\n<p style=\"margin: 8px 0 0 0; padding: 0 4px;\"><a style=\"color: #000; font-family: Arial,sans-serif; font-size: 14px; font-style: normal; font-weight: normal; line-height: 17px; text-decoration: none; word-wrap: break-word;\" rel=\"noopener noreferrer\" href=\"https:\/\/www.instagram.com\/p\/BM_iIM-joKe\/\" target=\"_blank\">#mood | #stemming<\/a><\/p>\n<p style=\"color: #c9c8cd; font-family: Arial,sans-serif; font-size: 14px; line-height: 17px; margin-bottom: 0; margin-top: 8px; overflow: hidden; padding: 8px 0 7px; text-align: center; text-overflow: ellipsis; white-space: nowrap;\">Een video die is geplaatst door eamel net &#8211; (@eamel) op <time style=\"font-family: Arial,sans-serif; font-size: 14px; line-height: 17px;\" datetime=\"2016-11-19T13:03:21+00:00\">19 Nov 2016 om 5:03 PST<\/time><\/p>\n<\/div>\n<\/blockquote>\n<p><\/center><\/p>\n<p><script async=\"\" defer=\"\" src=\"\/\/platform.instagram.com\/en_US\/embeds.js\"><\/script><\/p>\n<p style=\"padding-left: 30px;\"><span style=\"color: #ffffff;\"><strong><a rel=\"noopener noreferrer\" href=\"https:\/\/www.eamel.net\/blog\/2016\/11\/22\/18720-minutes-of-fame\/\" target=\"_blank\"><img loading=\"lazy\" decoding=\"async\" class=\"alignleft\" src=\"https:\/\/i.imgur.com\/aR2y6Yf.gif\" alt=\"\" width=\"242\" height=\"156\"\/><\/a><span style=\"font-size: 17px;\">4.&nbsp;<\/span><\/strong><\/span><span style=\"font-size: 17px;\"><span style=\"color: #ffffff;\"><b style=\"color: #ffffff;\"><span style=\"color: #ffffff;\"><a style=\"color: #ffffff;\" rel=\"noopener noreferrer\" href=\"https:\/\/www.eamel.net\/blog\/2016\/11\/22\/18720-minutes-of-fame\/\" target=\"_blank\"><span style=\"text-decoration: underline;\">Dinsdag, 22 november 2016<\/span><\/a><\/span>&nbsp;<\/b><\/span><span style=\"color: #ffffff;\">\u2013 Mijn <em>15 Minutes Of Fame<\/em>. Althans; bekeken vanuit het perspectief van <em>Facebook<\/em>-oppervlakkigheid en die van de wereldproblematiek. <span style=\"text-decoration: underline;\"><a style=\"color: #ffffff;\" rel=\"noopener noreferrer\" href=\"https:\/\/www.facebook.com\/LADbible\/\" target=\"_blank\"><strong>LADbible<\/strong><\/a><\/span> riep iets over die malloot <em>Trump<\/em>, vervolgens geef ik daar een ietwat zout commentaar op,&nbsp;<em>et voila<\/em>; 15.000 likes,&nbsp;<em>and counting<\/em>.<\/span><\/span><\/p>\n<p style=\"padding-left: 30px;\"><strong><a style=\"color: #ffffff;\" rel=\"noopener noreferrer\" href=\"#top\" target=\"_self\"><span style=\"font-size: 12px;\">[naar boven]<\/span><\/a><\/strong><\/p>\n<hr \/>\n<p><a id=\"december\"><\/a><img loading=\"lazy\" decoding=\"async\" class=\"aligncenter size-full\" src=\"https:\/\/i.imgur.com\/RgckQ0v.gif\" alt=\"\" width=\"912\" height=\"804\"\/><\/p>\n<p style=\"padding-left: 30px;\"><span style=\"color: #ffffff;\"><strong><img loading=\"lazy\" decoding=\"async\" class=\"alignleft size-full wp-image-39306\" src=\"https:\/\/www.eamel.net\/blog\/wp-content\/uploads\/nase.jpg\" alt=\"\" width=\"150\" height=\"150\" srcset=\"https:\/\/www.eamel.net\/blog\/wp-content\/uploads\/\/nase.jpg 150w, https:\/\/www.eamel.net\/blog\/wp-content\/uploads\/\/nase-140x140.jpg 140w, https:\/\/www.eamel.net\/blog\/wp-content\/uploads\/\/nase-100x100.jpg 100w\" sizes=\"auto, (max-width: 150px) 100vw, 150px\" \/><span style=\"font-size: 24px;\">1.<\/span><\/strong><\/span><span style=\"font-size: 22px;\">&nbsp;<span style=\"color: #ffffff;\"><b style=\"color: #ffffff;\"><span style=\"color: #ffffff;\"><a style=\"color: #ffffff;\" rel=\"noopener noreferrer\" href=\"https:\/\/www.eamel.net\/blog\/2016\/12\/15\/ook-wij-brutus\/\" target=\"_blank\"><span style=\"text-decoration: underline;\">Donderdag, 15&nbsp;december 2016<\/span><\/a><\/span>&nbsp;<\/b><\/span><span style=\"color: #ffffff;\">\u2013 Omdat mijn mevrouw de broek aan heeft hier in huis, kon ik niet anders dan toestemmen toen ze me <del>opdroeg<\/del> vroeg een boompje op te zetten. Want het is <em>Kerst-tra-la-la<\/em> en dat zullen we <del>potdomme<\/del> <span style=\"text-decoration: underline;\"><a style=\"color: #ffffff; text-decoration: underline;\" rel=\"noopener noreferrer\" href=\"https:\/\/www.eamel.net\/blog\/2016\/12\/15\/ook-wij-brutus\/\" target=\"_blank\">verdulleme<\/a><\/span>&nbsp;weten ook.<\/span><\/span><\/p>\n<p style=\"padding-left: 30px;\"><span style=\"color: #ffffff;\"><strong>2.<\/strong><\/span>&nbsp;<span style=\"color: #ffffff;\"><b style=\"color: #ffffff;\"><span style=\"text-decoration: underline;\"><span style=\"color: #ffffff;\"><a style=\"color: #ffffff; text-decoration: underline;\" rel=\"noopener noreferrer\" href=\"https:\/\/www.eamel.net\/blog\/2016\/12\/24\/busted\/\" target=\"_blank\">Zaterdag, 24 december 2016<\/a><\/span><\/span>&nbsp;<\/b><\/span><span style=\"color: #ffffff;\">\u2013 Ik heb vele talenten<strong> #kuch<\/strong> maar winkeldiefstal is daar niet \u00e9\u00e9n van. <span style=\"text-decoration: underline;\"><a style=\"color: #ffffff; text-decoration: underline;\" rel=\"noopener noreferrer\" href=\"https:\/\/www.eamel.net\/blog\/2016\/12\/24\/busted\/\" target=\"_blank\">Dat blijkt maar weer<\/a><\/span>.<\/span><\/p>\n<p><a rel=\"noopener noreferrer\" href=\"https:\/\/www.eamel.net\/blog\/2016\/12\/24\/busted\/\" target=\"_blank\"><img loading=\"lazy\" decoding=\"async\" class=\"aligncenter wp-image-39302\" src=\"https:\/\/www.eamel.net\/blog\/wp-content\/uploads\/3-8-1.jpg\" alt=\"\" width=\"912\" height=\"619\" srcset=\"https:\/\/www.eamel.net\/blog\/wp-content\/uploads\/\/3-8-1.jpg 600w, https:\/\/www.eamel.net\/blog\/wp-content\/uploads\/\/3-8-1-300x204.jpg 300w\" sizes=\"auto, (max-width: 912px) 100vw, 912px\" \/><\/a><\/p>\n<p style=\"padding-left: 30px;\"><span style=\"color: #ffffff;\"><strong>3.<\/strong><\/span>&nbsp;<span style=\"color: #ffffff;\"><b style=\"color: #ffffff;\"><span style=\"text-decoration: underline;\"><a style=\"color: #ffffff;\" rel=\"noopener noreferrer\" href=\"https:\/\/www.eamel.net\/blog\/2016\/11\/02\/plog-halloween\/\" target=\"_blank\">D<\/a>onderdag, 29 december 2016<\/span>&nbsp;<\/b><\/span><span style=\"color: #ffffff;\">\u2013 Dit is de dag dat ik een overzicht plaats van mijn activiteiten alhier; <a style=\"color: #ffffff;\" rel=\"noopener noreferrer\" href=\"https:\/\/www.eamel.net\/blog\/2016\/12\/28\/eamels-jaaroverzicht-2016\/ \u200e\" target=\"_blank\"><span style=\"text-decoration: underline;\"><em>Eamel's Jaaroverzicht 2016<\/em><\/span><\/a>, met als subtitel <em>'En dat was dat'<\/em>. Nou ja, de rest is u bekend.<\/span><\/p>\n<p><a rel=\"noopener noreferrer\" href=\"https:\/\/www.eamel.net\/blog\/2016\/12\/28\/eamels-jaaroverzicht-2016\/ \u200e\" target=\"_blank\"><img loading=\"lazy\" decoding=\"async\" class=\"aligncenter wp-image-39288\" src=\"https:\/\/www.eamel.net\/blog\/wp-content\/uploads\/eamel-1.jpg\" alt=\"\" width=\"912\" height=\"435\" srcset=\"https:\/\/www.eamel.net\/blog\/wp-content\/uploads\/\/eamel-1.jpg 600w, https:\/\/www.eamel.net\/blog\/wp-content\/uploads\/\/eamel-1-300x143.jpg 300w\" sizes=\"auto, (max-width: 912px) 100vw, 912px\" \/><\/a><\/p>\n<p style=\"padding-left: 30px;\"><span style=\"color: #ffffff;\"><strong>4.<\/strong><\/span>&nbsp;<span style=\"color: #ffffff;\"><b style=\"color: #ffffff;\"><span style=\"text-decoration: underline;\">Eind december 2016<\/span>&nbsp;<\/b><\/span><span style=\"color: #ffffff;\">\u2013 Wees niet bang, er is niks mis met je monitor, maar omdat deze maand nog niet om is op 't moment van dit schrijven heb ik hier even een gat laten vallen. Mocht er in deze laatste week van het jaar nog iets nieuwswaardig plaatsvinden, zal ik dat gegeven alhier melden. Mocht dat echter niet het geval zijn raad ik je aan <em>Duct tape<\/em> te gebruiken of een nieuwe monitor aan te schaffen. <strong>#atyourservice<\/strong><\/span><strong>&nbsp;<\/strong><\/p>\n<p><img loading=\"lazy\" decoding=\"async\" class=\"aligncenter wp-image-39321\" src=\"https:\/\/www.eamel.net\/blog\/wp-content\/uploads\/monitor.jpg\" alt=\"\" width=\"912\" height=\"654\" srcset=\"https:\/\/www.eamel.net\/blog\/wp-content\/uploads\/\/monitor.jpg 600w, https:\/\/www.eamel.net\/blog\/wp-content\/uploads\/\/monitor-300x215.jpg 300w\" sizes=\"auto, (max-width: 912px) 100vw, 912px\" \/><\/p>\n<p style=\"padding-left: 30px;\"><strong><a style=\"color: #ffffff;\" rel=\"noopener noreferrer\" href=\"#top\" target=\"_self\"><span style=\"font-size: 12px;\">[naar boven]<\/span><\/a><\/strong><\/p>\n<hr \/>\n<h2 style=\"padding-left: 30px;\"><span style=\"color: #99ccff;\">Eindejaarspreek<\/span><\/h2>\n<p style=\"padding-left: 30px;\"><span style=\"color: #ffffff;\"><span class=\"wpsdc-drop-cap\">E<\/span>n zo kwam een (blog)jaar tot z'n eind. We hebben gelachen, we hebben gehuild, we hebben ons verwonderd en we hebben ons kwaad gemaakt. Je hoeft geen raketgeleerde te zijn om te voorspellen dat diezelfde emoties zich in 2017 weer zullen manifesteren;&nbsp;<em>c'est la vie.<\/em><\/span><\/p>\n<p style=\"padding-left: 30px;\"><span style=\"color: #ffffff;\">Maar wat er ook moge gebeuren in het komende jaar; haal eruit wat er in zit want je weet nooit of 't je laatste zal zijn (zei opa bemoedigend).<em> Mijn mevrouw<\/em> en ik wensen je in ieder geval <em>Folle Lok en Seine<\/em>&nbsp;voor 2017 en hopen dat je je ook <em>hier<\/em>, op <a style=\"color: #ffffff;\" rel=\"noopener noreferrer\" href=\"http:\/\/www.eamel.net\/\" target=\"_blank\"><span style=\"text-decoration: underline;\"><strong>eamel.net<\/strong><\/span><\/a>, nog vaak zult verwonderen, kwaad maakt of zelfs laat huilen, bij voorkeur van 't <del>lachen<\/del> <del>grinniken<\/del> <del>glimlachen<\/del> <em>whatever<\/em>.<\/span><\/p>\n<p style=\"padding-left: 30px;\"><span style=\"color: #ffffff;\">En dat was dat. <em>Doei.<\/em><\/span><\/p>\n<p style=\"padding-left: 30px;\"><img loading=\"lazy\" decoding=\"async\" class=\"alignleft size-full wp-image-39388\" src=\"https:\/\/www.eamel.net\/blog\/wp-content\/uploads\/eamel-3.jpg\" alt=\"\" width=\"250\" height=\"124\"\/><\/p>\n<p style=\"padding-left: 30px;\">&nbsp;<\/p>\n<p><center><\/center><\/p>\n<p>&nbsp;<\/p>\n<p>&nbsp;<\/p>\n<p style=\"padding-left: 30px;\"><strong><a style=\"color: #ffffff;\" rel=\"noopener noreferrer\" href=\"#top\" target=\"_self\"><span style=\"font-size: 12px;\">[naar boven]<\/span><\/a><\/strong><\/p>\n<hr \/>\n<p><span style=\"color: #ff9900;\">p<\/span><\/p>\n<\/div>\n","protected":false},"excerpt":{"rendered":"<p>Zoals ik altijd meestal soms pleeg te doen, zo aan het einde van een (blog)&nbsp;jaar, ook nu een overzichtje van alles wat me in 2016 bloggewijs bezig hield.&nbsp;Ik bedoel; je zal 't als argeloos ge\u00efnteresseerde&nbsp;maar gemist hebben, toch? Oh ja. 'Vanwaar die walgelijk nostalgische&nbsp;Hyves toestanden met foeilelijke&nbsp;knipper-plaatjes?' hoor ik je denken. Tja, waarom niet? Je &#8230; <\/p>\n<p class=\"read-more-container\"><a title=\"Eamel&#039;s Jaaroverzicht 2016\" class=\"read-more button\" href=\"http:\/\/www.eamel.net\/blog\/2016\/12\/31\/eamels-jaaroverzicht-2016\/#more-38790\" aria-label=\"Read more about Eamel&#039;s Jaaroverzicht 2016\">Read more<\/a><\/p>\n","protected":false},"author":1,"featured_media":84745,"comment_status":"open","ping_status":"open","sticky":false,"template":"","format":"standard","meta":{"_acf_changed":false,"wikipediapreview_detectlinks":true,"passster_activate_protection":null,"passster_protect_child_pages":"","passster_protection_type":"password","passster_password":"","passster_passwords":"","passster_password_list":"","passster_password_lists":"","passster_activate_user_restriction":"","passster_user_restriction_type":"user-role","passster_user_restriction":"no-role","passster_activate_overwrite_defaults":"","passster_headline":"","passster_instruction":"","passster_placeholder":"","passster_button":"","passster_id":"","passster_activate_misc_settings":"","passster_redirect_url":"","passster_hide":"no","passster_area_shortcode":"","ngg_post_thumbnail":0,"footnotes":""},"categories":[1608,17,1026,1100,1028,1610,1535,907,83,80,101],"tags":[1661,1105,1118,1613,1612,1183],"class_list":["post-38790","post","type-post","status-publish","format-standard","has-post-thumbnail","hentry","category-1608","category-aldemeuk","category-animated-gif","category-eindejaarsbericht","category-feestdei","category-jaaroverzicht","category-jierwiksel","category-sfeer-en-sa","category-sosjaal","category-thus","category-wier-bard","tag-1661","tag-animated-gif","tag-eindejaarsbericht","tag-jaaroverzicht","tag-jierwiksel","tag-youtube"],"acf":[],"_links":{"self":[{"href":"https:\/\/www.eamel.net\/blog\/wp-json\/wp\/v2\/posts\/38790","targetHints":{"allow":["GET"]}}],"collection":[{"href":"https:\/\/www.eamel.net\/blog\/wp-json\/wp\/v2\/posts"}],"about":[{"href":"https:\/\/www.eamel.net\/blog\/wp-json\/wp\/v2\/types\/post"}],"author":[{"embeddable":true,"href":"https:\/\/www.eamel.net\/blog\/wp-json\/wp\/v2\/users\/1"}],"replies":[{"embeddable":true,"href":"https:\/\/www.eamel.net\/blog\/wp-json\/wp\/v2\/comments?post=38790"}],"version-history":[{"count":0,"href":"https:\/\/www.eamel.net\/blog\/wp-json\/wp\/v2\/posts\/38790\/revisions"}],"wp:featuredmedia":[{"embeddable":true,"href":"https:\/\/www.eamel.net\/blog\/wp-json\/wp\/v2\/media\/84745"}],"wp:attachment":[{"href":"https:\/\/www.eamel.net\/blog\/wp-json\/wp\/v2\/media?parent=38790"}],"wp:term":[{"taxonomy":"category","embeddable":true,"href":"https:\/\/www.eamel.net\/blog\/wp-json\/wp\/v2\/categories?post=38790"},{"taxonomy":"post_tag","embeddable":true,"href":"https:\/\/www.eamel.net\/blog\/wp-json\/wp\/v2\/tags?post=38790"}],"curies":[{"name":"wp","href":"https:\/\/api.w.org\/{rel}","templated":true}]}}