{"id":70842,"date":"2021-01-25T13:48:47","date_gmt":"2021-01-25T12:48:47","guid":{"rendered":"https:\/\/www.eamel.net\/blog\/?p=70842"},"modified":"2022-07-03T11:10:22","modified_gmt":"2022-07-03T09:10:22","slug":"my-first-little-lockdown","status":"publish","type":"post","link":"http:\/\/www.eamel.net\/blog\/2021\/01\/25\/my-first-little-lockdown\/","title":{"rendered":"My First Little Lockdown"},"content":{"rendered":"<hr \/>\n<div class=\"gca-column one-half first\"><p>&nbsp;<\/p>\n<p><span class=\"penci-dropcap-box\">N<\/span><em><b>ow you've done it, 5G-wappies, professioneel zweefteef <\/b><strong><span style=\"text-decoration: underline;\"><a rel=\"noopener\" href=\"https:\/\/www.volkskrant.nl\/cultuur-media\/bij-cafe-weltschmerz-is-iedereen-welkom-ook-neonazi-s~bbb73002\/?referrer=https%3A%2F%2Ft.co%2F\" target=\"_blank\">Von Kreijfelt<\/a><\/span><\/strong><b> en z'n complotclubje <\/b><strong><span style=\"text-decoration: underline;\"><a rel=\"noopener\" href=\"https:\/\/www.ftm.nl\/artikelen\/de-heren-achter-de-complot-media\" target=\"_blank\">Weltschmerz<\/a><\/span> (<span style=\"text-decoration: underline;\"><a class=\"hoverZoomLink\" href=\"https:\/\/www.eamel.net\/blog\/wp-content\/uploads\/2021\/01\/FTM-Complotclub.jpg\">spiegeltje<\/a><\/span>)<\/strong><b>, dorpsidioot <\/b><strong><span style=\"text-decoration: underline;\"><a rel=\"noopener\" href=\"https:\/\/twitter.com\/chrisklomp\/status\/1353318755493941248\" target=\"_blank\">Jan Roos<\/a><\/span><\/strong><b>, gesjeesde <\/b><strong><span style=\"text-decoration: underline;\"><a rel=\"noopener\" href=\"https:\/\/chrisklomp.nl\/de-val-van-de-lichtvoetige-messias\/\" target=\"_blank\">dansgoeroe Engel<\/a><\/span><\/strong><b>, <\/b><\/em><strong><em>Urker <span style=\"text-decoration: underline;\"><a rel=\"noopener\" href=\"https:\/\/nos.nl\/nieuwsuur\/artikel\/2365839-waarom-is-er-zo-vaak-onrust-op-urk-er-is-hier-jarenlang-weggekeken.html\" target=\"_blank\">kutjeugd<\/a><\/span>, Eindhovens <span style=\"text-decoration: underline;\"><a rel=\"noopener\" href=\"https:\/\/www.ad.nl\/binnenland\/binnenstad-eindhoven-vernield-door-relschoppers-winkels-geplunderd~a7f78e37d\/\" target=\"_blank\">straattuig<\/a><\/span> en al die <span style=\"text-decoration: underline;\"><a rel=\"noopener\" href=\"https:\/\/chrisklomp.nl\/de-rancune-achter-het-coronaprotest\/\" target=\"_blank\">andere<\/a><\/span> corona-<span style=\"text-decoration: underline;\"><a class=\"hoverZoomLink\" href=\"https:\/\/www.eamel.net\/blog\/wp-content\/uploads\/2021\/01\/wappies.jpg\">mafklappers<\/a><\/span><\/em>.<\/strong><\/p>\n<p>Dankzij jullie chronisch-ontevreden jankmentaliteit <em>(\"boehoe, ik mag niet meer naar bui-hui-ten\")<\/em> zitten wij nu <em>en collectif<\/em> (da's <em>Frans<\/em> voor <em>'met ze allen'<\/em>) in de gebakken peren: <span style=\"text-decoration: underline;\"><a rel=\"nofollow noreferrer\" href=\"https:\/\/www.eamel.net\/blog\/wp-content\/uploads\/2021\/01\/rutte_lockdown.mp4\" class=\"vp-a vp-mp4-type vp-modal-click vp-modal-click_shortcode\">LOCKDOWN<\/a><\/span><span style=\"font-size: 12pt;\">. (bron: <span style=\"text-decoration: underline;\"><a rel=\"noopener\" href=\"https:\/\/nos.nl\/video\/2364095-lockdown-verlengd-tot-9-februari-geen-verrassing-wel-een-enorme-tegenvaller.html\" target=\"_blank\"><span style=\"font-family: 'arial black', sans-serif;\"><strong><span style=\"color: #3366ff; text-decoration: underline;\">N<span style=\"font-size: 18pt; color: #ff0000; text-decoration: underline;\">O<\/span>S<\/span><\/strong><\/span><\/a><\/span>)<\/span>.<\/p>\n<p>Kijk, voor ons maakt 't niet uit. Ikzelf doe \u00fcberhaupt al zes jaar aan een zelfverkozen <em>quarantaine<\/em> en ook die opgedragen opsluiting is mij niet vreemd; vrienden heb ik niet, familie woont ver weg en de enige noemenswaardige activiteit in dit vreselijke dorp is een noodgedwongen bezoek aan de lokale <em>Albert Heijn<\/em> wegens weer eens iets vergeten.&nbsp;<\/p>\n<p>Wat mevrouw betreft, die maakt zich al helemaal niet druk.<\/p>\n<p>Net als de afgelopen jaren vermaakt zij zich wel met de <em>Boer-Zoekt-Vrouwen<\/em>. de <em>Netflix-en<\/em> en de <em>Meilandjes<\/em> van deze wereld.<\/p>\n<p>En als dat niet het geval is, ligt het als een halve zombie minstens drie-en-een-half-uur te ronken op de bank, tot het moment dat het tijd is om naar bed te gaan. Nee, er gaat wat ons betreft niets boven een fijne <em>lockdown<\/em>.<\/p>\n<p><center><div class=\"epyt-video-wrapper\"><iframe loading=\"lazy\"  style=\"display: block; margin: 0px auto;\"  id=\"_ytid_13431\"  width=\"425\" height=\"239\"  data-origwidth=\"425\" data-origheight=\"239\"  data-relstop=\"1\" src=\"https:\/\/www.youtube.com\/embed\/R1wq-RJb0hQ?enablejsapi=1&origin=https:\/\/www.eamel.net&iv_load_policy=3&autoplay=0&cc_load_policy=0&cc_lang_pref=&loop=0&rel=0&fs=1&playsinline=1&autohide=2&theme=dark&color=red&controls=1&disablekb=0&\" class=\"__youtube_prefs__  no-lazyload\" title=\"YouTube player\"  allow=\"fullscreen; accelerometer; autoplay; clipboard-write; encrypted-media; gyroscope; picture-in-picture; web-share\" referrerpolicy=\"strict-origin-when-cross-origin\" allowfullscreen data-no-lazy=\"1\" data-skipgform_ajax_framebjll=\"\"><\/iframe><\/div><span itemprop=\"video\" itemscope itemtype=\"http:\/\/schema.org\/VideoObject\"><meta itemprop=\"embedUrl\" content=\"https:\/\/www.youtube.com\/embed\/R1wq-RJb0hQ\"><meta itemprop=\"name\" content=\"\"><meta itemprop=\"description\" content=\"YouTube video\"><meta itemprop=\"thumbnailUrl\" content=\"https:\/\/i.ytimg.com\/vi\/R1wq-RJb0hQ\/0.jpg\"><meta itemprop=\"duration\" content=\"\"><meta itemprop=\"uploadDate\" content=\"\"><\/span><\/center><\/p>\n<p>Natuurlijk heb ik begrip voor allen die w\u00e9l getroffen worden door die corona, en een lockdown in het bijzonder.<\/p>\n<p>Ikzelf ging in mijn jeugd nauwelijks de deur uit want ik vermaakte me prima. Hooguit een enkele keer naar de kroeg en dat was het wel zo'n beetje.<\/p>\n<p>Maar dat zegt natuurlijk niets over hoe de kinderen van nu dat beleven.<\/p><\/div>\n<div class=\"gca-column one-half\"><div style=\"background-color: #4682b4;\">\n<p>&nbsp;<\/p>\n<p><span style=\"color: #ffffff;\">Maar wat er <span style=\"text-decoration: underline;\"><a style=\"color: #ffffff; text-decoration: underline;\" rel=\"noopener\" href=\"https:\/\/www.volkskrant.nl\/nieuws-achtergrond\/na-ingaan-avondklok-rellen-en-vernielingen-in-zeker-tien-gemeenten~b9f52ae5\/\" target=\"_blank\">nu<\/a><\/span> aan de hand is, daar begrijp ik dus geen reedt van. Ik kan werkelijk waar, hoezeer ik mijn best ook doe, maar niet de link leggen tussen die ontevredenheid en het geweld wat momenteel plaatsvindt. <span style=\"text-decoration: underline;\"><a style=\"color: #ffffff; text-decoration: underline;\" rel=\"noopener\" href=\"https:\/\/www.rtlnieuws.nl\/nieuws\/nederland\/artikel\/5210657\/rutte-reageert-op-de-avondklokrellen\" target=\"_blank\">Rellen<\/a><\/span>, <span style=\"text-decoration: underline;\"><a style=\"color: #ffffff; text-decoration: underline;\" rel=\"noopener\" href=\"https:\/\/www.ad.nl\/video\/kanalen\/misdaad~c404\/series\/snel-nieuws~s936\/ziekenhuis-enschede-belaagd-door-relschoppers~p193753\" target=\"_blank\">vernielen<\/a><\/span>, <a style=\"color: #ffffff;\" rel=\"noopener\" href=\"https:\/\/twitter.com\/Anne197543\/status\/1353655011344064517?s=20\" target=\"_blank\">grote bek<\/a>, <span style=\"text-decoration: underline;\"><a style=\"color: #ffffff; text-decoration: underline;\" rel=\"noopener\" href=\"https:\/\/www.nporadio1.nl\/binnenland\/29188-we-zijn-geen-rellen-meer-gewend\" target=\"_blank\">wapens<\/a><\/span>, <span style=\"text-decoration: underline;\"><a style=\"color: #ffffff; text-decoration: underline;\" rel=\"noopener\" href=\"https:\/\/www.ed.nl\/eindhoven\/politiepaard-slaat-op-hol-door-vuurwerk-tijdens-rellen-in-eindhoven-dier-maakt-het-goed~a832e887\/\" target=\"_blank\">dierenmishandeling<\/a><\/span>&#8230; het maakt het tuig allemaal niets meer uit. De b\u00e9uk erin.&nbsp;<br \/>\n<\/span><\/p>\n<p><center><\/p>\n<div style=\"width: 500px;\" class=\"wp-video\"><video class=\"wp-video-shortcode\" id=\"video-70842-1\" width=\"500\" height=\"281\" poster=\"https:\/\/www.eamel.net\/blog\/wp-content\/uploads\/2021\/01\/adwappies2021.gif\" preload=\"metadata\" controls=\"controls\"><source type=\"video\/mp4\" src=\"https:\/\/www.eamel.net\/blog\/wp-content\/uploads\/2021\/01\/ad_wappies_24_jan_2021.mp4?_=1\" \/><a href=\"https:\/\/www.eamel.net\/blog\/wp-content\/uploads\/2021\/01\/ad_wappies_24_jan_2021.mp4\">https:\/\/www.eamel.net\/blog\/wp-content\/uploads\/2021\/01\/ad_wappies_24_jan_2021.mp4<\/a><\/video><\/div>\n<p><\/center><center><\/p>\n<p><span style=\"font-size: 12pt; color: #ffffff;\"><strong>(bron:<\/strong> <span style=\"text-decoration: underline;\"><a style=\"color: #ffffff;\" rel=\"noopener\" href=\"https:\/\/www.ad.nl\/binnenland\/politie-vreest-nog-dagen-of-weken-van-onrust-na-rellen-rond-avondklok~a712c6d92\/\" target=\"_blank\"><span style=\"font-family: 'arial black', sans-serif; text-decoration: underline;\"><strong><span style=\"color: #ff0000; text-decoration: underline;\">AD<\/span><\/strong><\/span><\/a><\/span><strong><span style=\"text-decoration: underline;\">.nl<\/span>)<\/strong><\/span><img loading=\"lazy\" decoding=\"async\" class=\"aligncenter size-full wp-image-66449\" src=\"https:\/\/www.eamel.net\/blog\/wp-content\/uploads\/2014\/07\/wit_lijntje_300_bij_1px.png\" alt=\"\" width=\"300\" height=\"1\" srcset=\"https:\/\/www.eamel.net\/blog\/wp-content\/uploads\/2014\/07\/wit_lijntje_300_bij_1px.png 300w, https:\/\/www.eamel.net\/blog\/wp-content\/uploads\/2014\/07\/wit_lijntje_300_bij_1px-150x1.png 150w, https:\/\/www.eamel.net\/blog\/wp-content\/uploads\/2014\/07\/wit_lijntje_300_bij_1px-140x1.png 140w, https:\/\/www.eamel.net\/blog\/wp-content\/uploads\/2014\/07\/wit_lijntje_300_bij_1px-100x1.png 100w\" sizes=\"auto, (max-width: 300px) 100vw, 300px\" \/><\/p>\n<p><\/center><center><\/center><\/p>\n<p><span style=\"color: #ffffff;\">En dan zijn er nog de <span style=\"text-decoration: underline;\"><a style=\"color: #ffffff; text-decoration: underline;\" rel=\"noopener\" href=\"https:\/\/twitter.com\/search?q=yoeri%20albrecht&amp;src=typed_query\" target=\"_blank\">psychologen van de koude grond<\/a><\/span> die dat allemaal proberen recht te praten (<span style=\"text-decoration: underline;\"><a style=\"color: #ffffff; text-decoration: underline;\" rel=\"noopener\" href=\"https:\/\/twitter.com\/YoeriAlbrecht\" target=\"_blank\">oops<\/a><\/span>). <em>'Het is allemaal frustratie'<\/em>. <em>'Men voelt zich niet gehoord'<\/em>.&nbsp;Ja, ja.. het zal allemaal wel.&nbsp;Ikzelf heb \u00f3\u00f3k de nodige frustratie meegemaakt in mijn jeugd, maar gew\u00e9ld? Ik zou niet durven. Hebben de ouders geen macht meer over hun <em>offspring<\/em>? Overwicht verdwenen?<\/span><\/p>\n<p><span style=\"color: #ffffff;\"><strong><em>Wat.De.Fak. is er aan de hand???<\/em><\/strong><\/span><\/p>\n<p><span style=\"font-family: 'arial black', sans-serif; color: #ffffff;\"><em>Hoe moeilijk kan het zijn om met z'n allen even door te zetten, thuis te blijven, te luisteren naar de politiek dan wel wetenschap, opdat we binnen no-time dat ellendige virus de wereld uit krijgen? Leg me dat 'ns uit&#8230;<\/em><\/span><\/p>\n<p><span style=\"color: #ffffff;\">Nah ja, 't is uiteindelijk geen mening geworden, zoals de subtitel van dit stukse hoopvol suggereert, maar slechts een onsamenhangende brei van woorden, uitroep- en n\u00f3g meer vraagtekens. M\u00e9\u00e9r kan ik er niet van maken.&nbsp;Het zal de leeftijd zijn.<\/span><\/p>\n<p><span style=\"color: #ffffff;\">Maar, als ik er dan t\u00f3ch iets van geleerd heb, is het wel dat ik erg blij ben <span style=\"text-decoration: underline;\"><a style=\"color: #ffffff; text-decoration: underline;\" rel=\"noopener\" href=\"https:\/\/www.eamel.net\/blog\/2018\/01\/30\/raspin-being-pretty\/\" target=\"_blank\">een hond<\/a><\/span> te 'bezitten'. Als w\u00e9l volgzaam burger legitimeert mij dat om midden in de nacht de rust van de straat op te zoeken.&nbsp;<\/span><\/p>\n<p><span style=\"color: #ffffff;\">En voor mijn mevrouw natuurlijk ook \u00e9\u00e9n. Want all\u00e9\u00e9n met <span style=\"text-decoration: underline;\"><a style=\"color: #ffffff; text-decoration: underline;\" rel=\"noopener\" href=\"https:\/\/www.eamel.net\/blog\/2017\/10\/11\/raspin-iggy\/\" target=\"_blank\">twee schoothondjes<\/a><\/span> over straat, dat g\u00e1\u00e1t natuurlijk niet.&nbsp;&nbsp;<\/span><span style=\"color: #ffffff;\">T\u00f3ch nog een beetje recalcitrant&#8230;<\/span><\/p>\n<p>&nbsp;<\/p>\n<\/div><\/div><div class=\"gca-utility clearfix\"><\/div>\n<hr \/>\n<p><!--more--><\/p>\n<p><center><div class=\"epyt-video-wrapper\"><iframe loading=\"lazy\"  style=\"display: block; margin: 0px auto;\"  id=\"_ytid_18511\"  width=\"960\" height=\"540\"  data-origwidth=\"960\" data-origheight=\"540\"  data-relstop=\"1\" src=\"https:\/\/www.youtube.com\/embed\/otNzx_HRZzA?enablejsapi=1&origin=https:\/\/www.eamel.net&iv_load_policy=3&autoplay=0&cc_load_policy=0&cc_lang_pref=&loop=0&rel=0&fs=1&playsinline=1&autohide=2&theme=dark&color=red&controls=1&disablekb=0&\" class=\"__youtube_prefs__  no-lazyload\" title=\"YouTube player\"  allow=\"fullscreen; accelerometer; autoplay; clipboard-write; encrypted-media; gyroscope; picture-in-picture; web-share\" referrerpolicy=\"strict-origin-when-cross-origin\" allowfullscreen data-no-lazy=\"1\" data-skipgform_ajax_framebjll=\"\"><\/iframe><\/div><span itemprop=\"video\" itemscope itemtype=\"http:\/\/schema.org\/VideoObject\"><meta itemprop=\"embedUrl\" content=\"https:\/\/www.youtube.com\/embed\/otNzx_HRZzA\"><meta itemprop=\"name\" content=\"\"><meta itemprop=\"description\" content=\"YouTube video\"><meta itemprop=\"thumbnailUrl\" content=\"https:\/\/i.ytimg.com\/vi\/otNzx_HRZzA\/0.jpg\"><meta itemprop=\"duration\" content=\"\"><meta itemprop=\"uploadDate\" content=\"\"><\/span><\/center><\/p>\n","protected":false},"excerpt":{"rendered":"","protected":false},"author":1,"featured_media":73582,"comment_status":"open","ping_status":"open","sticky":false,"template":"","format":"standard","meta":{"_acf_changed":false,"wikipediapreview_detectlinks":true,"passster_activate_protection":null,"passster_protect_child_pages":"","passster_protection_type":"password","passster_password":"","passster_passwords":"","passster_password_list":"","passster_password_lists":"","passster_activate_user_restriction":"","passster_user_restriction_type":"user-role","passster_user_restriction":"no-role","passster_activate_overwrite_defaults":"","passster_headline":"","passster_instruction":"","passster_placeholder":"","passster_button":"","passster_id":"","passster_activate_misc_settings":"","passster_redirect_url":"","passster_hide":"no","passster_area_shortcode":"","ngg_post_thumbnail":0,"footnotes":""},"categories":[3117,34,865,60,872,52,863,907,101,42],"tags":[3097,2202,2117,3129,3060,3128,1183],"class_list":["post-70842","post","type-post","status-publish","format-standard","has-post-thumbnail","hentry","category-3117","category-beeld","category-bizar","category-filmpke","category-frjemd","category-Mooi-kudt","category-oars","category-sfeer-en-sa","category-wier-bard","category-zucht","tag-3097","tag-amsterdam","tag-corona","tag-eindhoven","tag-lockdown","tag-rellen","tag-youtube"],"acf":[],"_links":{"self":[{"href":"https:\/\/www.eamel.net\/blog\/wp-json\/wp\/v2\/posts\/70842","targetHints":{"allow":["GET"]}}],"collection":[{"href":"https:\/\/www.eamel.net\/blog\/wp-json\/wp\/v2\/posts"}],"about":[{"href":"https:\/\/www.eamel.net\/blog\/wp-json\/wp\/v2\/types\/post"}],"author":[{"embeddable":true,"href":"https:\/\/www.eamel.net\/blog\/wp-json\/wp\/v2\/users\/1"}],"replies":[{"embeddable":true,"href":"https:\/\/www.eamel.net\/blog\/wp-json\/wp\/v2\/comments?post=70842"}],"version-history":[{"count":0,"href":"https:\/\/www.eamel.net\/blog\/wp-json\/wp\/v2\/posts\/70842\/revisions"}],"wp:featuredmedia":[{"embeddable":true,"href":"https:\/\/www.eamel.net\/blog\/wp-json\/wp\/v2\/media\/73582"}],"wp:attachment":[{"href":"https:\/\/www.eamel.net\/blog\/wp-json\/wp\/v2\/media?parent=70842"}],"wp:term":[{"taxonomy":"category","embeddable":true,"href":"https:\/\/www.eamel.net\/blog\/wp-json\/wp\/v2\/categories?post=70842"},{"taxonomy":"post_tag","embeddable":true,"href":"https:\/\/www.eamel.net\/blog\/wp-json\/wp\/v2\/tags?post=70842"}],"curies":[{"name":"wp","href":"https:\/\/api.w.org\/{rel}","templated":true}]}}