{"id":8236,"date":"2012-04-17T13:55:31","date_gmt":"2012-04-17T12:55:31","guid":{"rendered":"https:\/\/www.eamel.net\/blog\/tussen-kunst-kitsch"},"modified":"2022-04-17T01:15:35","modified_gmt":"2022-04-16T23:15:35","slug":"tussen-kunst-kitsch","status":"publish","type":"post","link":"http:\/\/www.eamel.net\/blog\/2012\/04\/17\/tussen-kunst-kitsch\/","title":{"rendered":"Tussen Kunst &#038; Kitsch (Woarkum, Frl '12)"},"content":{"rendered":"<hr \/>\n<div class=\"gca-column one-half first\"><p>&nbsp;<\/p>\n<p><span style=\"font-family: 'Rock Salt';\">DECEPTIE<\/span><\/p>\n<ul>\n<li style=\"text-align: left;\"><strong><em>Deceptie<\/em><\/strong> want al jaren leef je in de veronderstelling dat <em>dat<\/em> schilderij minstens \u20ac15.000 waard had moeten zijn maar slechts interessant blijkt voor die ene spreekwoordelijke <em>gek-die 't-er-voor-over-heeft<\/em> voor hooguit \u20ac600.\n<\/li>\n<li style=\"text-align: left;\"><strong><em>Deceptie<\/em><\/strong>&nbsp;<em>ook<\/em> omdat die <span style=\"text-decoration: underline;\"><em><a class=\"hoverZoomLink\" title=\"Gladiolen in vaas.\" rel=\"noopener\" href=\"https:\/\/www.eamel.net\/blog\/wp-content\/uploads\/1970\/01\/gladiolen.jpg\" target=\"_blank\">Gladiool-in-vaas<\/a><\/em><\/span>, hoewel ge\u00ebrfd van een welgestelde tante, niet het bedrag waard bleek wat door de jaren heen buitenproportionele vormen heeft aangenomen in je na\u00efeve belevingswereld. Het was slechts het product van \u00e9\u00e9n of andere huis-, tuin- en keukenschilder uit de jaren zeventig.\n<\/li>\n<li style=\"text-align: left;\"><strong><em>Deceptie<\/em><\/strong>&nbsp;ook omdat <em>dat<\/em> boek uit 1742 ongeveer net zoveel waard is als de verzamelde werken van Tolkien. Bij <span style=\"text-decoration: underline;\"><em><a title=\"Slecht, slechter, De Slegte\" rel=\"noopener\" href=\"http:\/\/www.deslegte.com\/\" target=\"_blank\">De Slegte<\/a><\/em><\/span>, that is.<\/li>\n<\/ul><\/div>\n<div class=\"gca-column one-half\"><div style=\"background-color: #cdcdc1;\">\n<p>&nbsp;<\/p>\n<p><span style=\"font-family: 'Rock Salt';\">SCHOONHEID<\/span><\/p>\n<ul>\n<li><strong><em>Schoonheid<\/em><\/strong> want dan heb je <span style=\"text-decoration: underline;\"><em><a title=\"Tussen Kunst &amp; Kitsch @ Wiki\" rel=\"noopener\" href=\"http:\/\/nl.wikipedia.org\/wiki\/Tussen_Kunst_%26_Kitsch\" target=\"_blank\">dat<\/a><\/em><\/span> ook eens meegemaakt.\n<\/li>\n<li><strong><em>Schoonheid<\/em><\/strong>&nbsp;want je bent weer eens met <del>je&nbsp;meissie<\/del>&nbsp;de <em>faam<\/em> op stap wat alweer veuls te lang geleden was.\n<\/li>\n<li><strong><em>Schoonheid<\/em><\/strong> want de emotionele waarde van het aangeleverde overtreft vele malen die van het materi\u00eble.\n<\/li>\n<li><strong><em>Schoonheid<\/em><\/strong> want het is een aangename, zonnige maandagmiddag en dus een cadeautje. En <span style=\"text-decoration: underline;\"><a title=\"Woarkum, Friesland\" rel=\"noopener\" href=\"http:\/\/g.co\/maps\/xh2y4\" target=\"_blank\">Woarkum<\/a><\/span> is <em>m.o.o.i.\n<p><\/em><\/li>\n<li>Maar ook <strong><em>Schoonheid<\/em><\/strong>&nbsp;omdat je <em>Deit<\/em> <em>&amp;<\/em> <em>Mem<\/em> weer eens mag omarmen, daar waar je je het meeste thuisvoelt; in <em>Friesland<\/em>.\n<\/li>\n<li><strong><em>Schoonheid<\/em><\/strong> omdat je volkomen legitiem mag <em>powernappen<\/em> in de behaaglijke warmte van de zon, op <span style=\"text-decoration: underline;\"><a title=\"Vijftien hoog\" rel=\"noopener\" href=\"https:\/\/www.eamel.net\/blog\/2012\/02\/15\/kamer-met-een-uitzicht\/\" target=\"_blank\">vijftien hoog<\/a><\/span>.<\/li>\n<\/ul>\n<p>&nbsp;<\/p>\n<\/div><\/div><div class=\"gca-utility clearfix\"><\/div>\n<hr \/>\n<p>Kortom; <span style=\"text-decoration: underline;\"><em><a title=\"Tussen Kunst &amp; Kitsch\" rel=\"noopener\" href=\"http:\/\/cultuurgids.avro.nl\/front\/detailtkk.html?item=8185354\" target=\"_blank\">Tussen&nbsp;Kunst &amp; Kitsch<\/a><\/em><\/span> is vanaf vandaag het equivalent van <em>Tussen Yin &amp; Yang<\/em>.<\/p>\n<p><em>Einde bericht.<\/em><\/p>\n<hr \/>\n<p><!--more--><a href=\"https:\/\/www.eamel.net\/blog\/wp-content\/uploads\/kunst-en-kitsch-16-apr-2012_5101.jpg\"><img loading=\"lazy\" decoding=\"async\" class=\"aligncenter wp-image-35715\" src=\"https:\/\/www.eamel.net\/blog\/wp-content\/uploads\/kunst-en-kitsch-16-apr-2012_5101.jpg\" alt=\"kunst-en-kitsch-16-apr-2012_5101\" width=\"1024\" height=\"9411\" srcset=\"https:\/\/www.eamel.net\/blog\/wp-content\/uploads\/\/kunst-en-kitsch-16-apr-2012_5101.jpg 800w, https:\/\/www.eamel.net\/blog\/wp-content\/uploads\/\/kunst-en-kitsch-16-apr-2012_5101-167x1536.jpg 167w, https:\/\/www.eamel.net\/blog\/wp-content\/uploads\/\/kunst-en-kitsch-16-apr-2012_5101-223x2048.jpg 223w, https:\/\/www.eamel.net\/blog\/wp-content\/uploads\/\/kunst-en-kitsch-16-apr-2012_5101-636x5845.jpg 636w, https:\/\/www.eamel.net\/blog\/wp-content\/uploads\/\/kunst-en-kitsch-16-apr-2012_5101-87x800.jpg 87w\" sizes=\"auto, (max-width: 1024px) 100vw, 1024px\" \/><\/a><\/p>\n<p><strong>NB.<\/strong><em> Geen idee wanneer de uitzenddatum is. Dat verzuimt de <span style=\"text-decoration: underline;\"><a title=\"AVRO site\" rel=\"noopener\" href=\"http:\/\/cultuurgids.avro.nl\/front\/detailtkk.html?item=8185346\" target=\"_blank\">AVRO-site<\/a><\/span> te vermelden&#8230;&nbsp;<\/em><\/p>\n<hr \/>\n<p><strong>UPDATE:<\/strong> <em>Ah, de uitzending. Daar wastie; 14 november 2012.<\/em><\/p>\n<hr \/>\n<p><center><div class=\"epyt-video-wrapper\"><iframe loading=\"lazy\"  style=\"display: block; margin: 0px auto;\"  id=\"_ytid_90411\"  width=\"1280\" height=\"720\"  data-origwidth=\"1280\" data-origheight=\"720\"  data-relstop=\"1\" src=\"https:\/\/www.youtube.com\/embed\/8OynXN0rJ_0?enablejsapi=1&origin=https:\/\/www.eamel.net&iv_load_policy=3&autoplay=0&cc_load_policy=0&cc_lang_pref=&loop=0&rel=0&fs=1&playsinline=1&autohide=2&theme=dark&color=red&controls=1&disablekb=0&\" class=\"__youtube_prefs__  no-lazyload\" title=\"YouTube player\"  allow=\"fullscreen; accelerometer; autoplay; clipboard-write; encrypted-media; gyroscope; picture-in-picture; web-share\" referrerpolicy=\"strict-origin-when-cross-origin\" allowfullscreen data-no-lazy=\"1\" data-skipgform_ajax_framebjll=\"\"><\/iframe><\/div><span itemprop=\"video\" itemscope itemtype=\"http:\/\/schema.org\/VideoObject\"><meta itemprop=\"embedUrl\" content=\"https:\/\/www.youtube.com\/embed\/8OynXN0rJ_0\"><meta itemprop=\"name\" content=\"\"><meta itemprop=\"description\" content=\"YouTube video\"><meta itemprop=\"thumbnailUrl\" content=\"https:\/\/i.ytimg.com\/vi\/8OynXN0rJ_0\/0.jpg\"><meta itemprop=\"duration\" content=\"\"><meta itemprop=\"uploadDate\" content=\"\"><\/span><\/center><\/p>\n<hr \/>\n<p><iframe loading=\"lazy\" style=\"border: 0;\" src=\"https:\/\/www.google.com\/maps\/embed?pb=!1m0!3m2!1snl!2snl!4v1460847696930!6m8!1m7!1skx01Ues1uK5EuVCkEytmSQ!2m2!1d52.97998123461019!2d5.443543038819507!3f184.79010605005692!4f-2.8848587670909467!5f0.7820865974627469\" width=\"1280\" height=\"600\" frameborder=\"0\" allowfullscreen=\"allowfullscreen\"><span data-mce-type=\"bookmark\" style=\"display: inline-block; width: 0px; overflow: hidden; line-height: 0;\" class=\"mce_SELRES_start\">\ufeff<\/span><\/iframe><\/p>\n<div id=\"hzImg\" style=\"background: none; line-height: 0px; overflow: hidden; padding: 5px; position: absolute; z-index: 2147483647; visibility: hidden; opacity: 1; cursor: pointer; pointer-events: none; display: none;\">&nbsp;<\/div>\n","protected":false},"excerpt":{"rendered":"<p>Kortom; Tussen&nbsp;Kunst &amp; Kitsch is vanaf vandaag het equivalent van Tussen Yin &amp; Yang. Einde bericht.<\/p>\n","protected":false},"author":1,"featured_media":35713,"comment_status":"open","ping_status":"open","sticky":false,"template":"","format":"standard","meta":{"_acf_changed":false,"wikipediapreview_detectlinks":true,"passster_activate_protection":false,"passster_protect_child_pages":"","passster_protection_type":"password","passster_password":"","passster_passwords":"","passster_password_list":"","passster_password_lists":"","passster_activate_user_restriction":"","passster_user_restriction_type":"user-role","passster_user_restriction":"no-role","passster_activate_overwrite_defaults":"","passster_headline":"","passster_instruction":"","passster_placeholder":"","passster_button":"","passster_id":"","passster_activate_misc_settings":"","passster_redirect_url":"","passster_hide":"no","passster_area_shortcode":"","ngg_post_thumbnail":0,"footnotes":""},"categories":[1611,17,34,60,219,1098,107,1305,85,907,101],"tags":[1651,3465,1123,1164,1306,1147,3464,3466,3467],"class_list":["post-8236","post","type-post","status-publish","format-standard","has-post-thumbnail","hentry","category-1611","category-aldemeuk","category-beeld","category-filmpke","category-frysk","category-galerij","category-kunsdt","category-mevrouw","category-op-stap","category-sfeer-en-sa","category-wier-bard","tag-1651","tag-avro","tag-filmpke","tag-fryslan","tag-mevrouw","tag-op-stap","tag-tussen-kunst-kitsch","tag-woarkum","tag-workum"],"acf":[],"_links":{"self":[{"href":"https:\/\/www.eamel.net\/blog\/wp-json\/wp\/v2\/posts\/8236","targetHints":{"allow":["GET"]}}],"collection":[{"href":"https:\/\/www.eamel.net\/blog\/wp-json\/wp\/v2\/posts"}],"about":[{"href":"https:\/\/www.eamel.net\/blog\/wp-json\/wp\/v2\/types\/post"}],"author":[{"embeddable":true,"href":"https:\/\/www.eamel.net\/blog\/wp-json\/wp\/v2\/users\/1"}],"replies":[{"embeddable":true,"href":"https:\/\/www.eamel.net\/blog\/wp-json\/wp\/v2\/comments?post=8236"}],"version-history":[{"count":0,"href":"https:\/\/www.eamel.net\/blog\/wp-json\/wp\/v2\/posts\/8236\/revisions"}],"wp:featuredmedia":[{"embeddable":true,"href":"https:\/\/www.eamel.net\/blog\/wp-json\/wp\/v2\/media\/35713"}],"wp:attachment":[{"href":"https:\/\/www.eamel.net\/blog\/wp-json\/wp\/v2\/media?parent=8236"}],"wp:term":[{"taxonomy":"category","embeddable":true,"href":"https:\/\/www.eamel.net\/blog\/wp-json\/wp\/v2\/categories?post=8236"},{"taxonomy":"post_tag","embeddable":true,"href":"https:\/\/www.eamel.net\/blog\/wp-json\/wp\/v2\/tags?post=8236"}],"curies":[{"name":"wp","href":"https:\/\/api.w.org\/{rel}","templated":true}]}}