{"id":8310,"date":"2012-04-22T12:34:48","date_gmt":"2012-04-22T11:34:48","guid":{"rendered":"https:\/\/www.eamel.net\/blog\/donald-durk"},"modified":"2021-11-20T10:13:56","modified_gmt":"2021-11-20T09:13:56","slug":"donald-durk","status":"publish","type":"post","link":"http:\/\/www.eamel.net\/blog\/2012\/04\/22\/donald-durk\/","title":{"rendered":"Donald Durk"},"content":{"rendered":"<hr \/>\n<div class=\"gca-column one-half first\"><p><a href=\"https:\/\/www.eamel.net\/blog\/wp-content\/uploads\/2012\/04\/donald_durk.jpg\"><img loading=\"lazy\" decoding=\"async\" class=\"aligncenter wp-image-67931\" src=\"https:\/\/www.eamel.net\/blog\/wp-content\/uploads\/2012\/04\/donald_durk.jpg\" alt=\"\" width=\"450\" height=\"649\" srcset=\"https:\/\/www.eamel.net\/blog\/wp-content\/uploads\/2012\/04\/donald_durk.jpg 600w, https:\/\/www.eamel.net\/blog\/wp-content\/uploads\/2012\/04\/donald_durk-208x300.jpg 208w, https:\/\/www.eamel.net\/blog\/wp-content\/uploads\/2012\/04\/donald_durk-555x800.jpg 555w\" sizes=\"auto, (max-width: 450px) 100vw, 450px\" \/><\/a><\/p><\/div>\n<div class=\"gca-column one-half\"><div style=\"background-color: #1e90ff;\">\n<p>&nbsp;<\/p>\n<p><span style=\"font-size: 14pt; color: #ffffff; font-family: 'courier new', courier, monospace;\">\"<em>Nei it Holl\u00e2nsktalige Frysl\u00e2nn\u00fbmer fan Donald Duck ferskynt heal april in folslein <span style=\"text-decoration: underline;\"><a style=\"color: #ffffff;\" title=\"Donald Durk yn it Frysk\" rel=\"noopener noreferrer\" href=\"https:\/\/heerenveensecourant.nl\/artikel\/883991\/friese-donald-duck-vanaf-vrijdag-13-april-overal-in-friesland-te-koop-gptv.html\" target=\"_blank\">Frysktalige Donald Duck<\/a><\/span> (<span style=\"text-decoration: underline;\"><a style=\"color: #ffffff;\" rel=\"noopener noreferrer\" href=\"https:\/\/heerenveensecourant.nl\/artikel\/883981\/friestalige-donald-duck-wordt-herdrukt.html\" target=\"_blank\">yn de herdruk!<\/a><\/span>). <\/em><\/span><\/p>\n<p><span style=\"font-size: 14pt; color: #ffffff; font-family: 'courier new', courier, monospace;\"><em>Yn de Fryske Donald Duck ferskine yn totaal 9 yn it Frysk oersetten strips fan de ferneamde ein. <\/em><\/span><\/p>\n<p><span style=\"font-size: 14pt; color: #ffffff; font-family: 'courier new', courier, monospace;\"><em>D\u00ear hearre de strips dy\u2019t spesjaal foar it Frysl\u00e2nn\u00fbmer makke binne by, mar ek in tal \u00e2ldere strips dy\u2019t goed yn it Fryske n\u00fbmer passe.\" <\/em><\/span><\/p>\n<p>&nbsp;<\/p>\n<p>&nbsp;<\/p>\n<p>&nbsp;<\/p>\n<p style=\"text-align: right;\"><span style=\"font-size: 14pt; color: #ffffff;\"><em><span style=\"text-decoration: underline;\"><strong><a style=\"color: #ffffff;\" title=\"@hallofryslan\" rel=\"noopener noreferrer\" href=\"http:\/\/www.hallofryslan.nl\/hallo_fryslan_\/2012\/02\/donald_duck_yn_it_frysk\" target=\"_blank\">@hallofryslan<\/a><\/strong><\/span><\/em><\/span><\/p>\n<p>&nbsp;<\/p>\n<\/div><\/div><div class=\"gca-utility clearfix\"><\/div>\n<hr \/>\n<div class=\"gca-column one-half first\"><p>&nbsp;<\/p>\n<p><span style=\"color: #99ccff;\"><strong><span style=\"font-size: 40pt;\">K<\/span><\/strong><\/span><span style=\"font-size: 20px;\">rigen fan <em><span style=\"text-decoration: underline;\"><a title=\"Us memmeminske\" rel=\"noopener noreferrer\" href=\"http:\/\/www.tidenhawwetiden.nl\/\" target=\"_blank\">it memmeminske<\/a><\/span><\/em>. <\/span><\/p>\n<p><span style=\"font-size: 20px;\">Omdat it frommeske ek wol wit dat <em>\u00fas<\/em> <em>eamel<\/em> d\u00e8r, mei syn seis- en fjirtich jier, sa no en dan noch b\u00e8st wol een bytsje om <em>gnizje<\/em> moat. &#x1f602;&#x1f602;&#x1f602;<\/span><\/p>\n<p><em><span style=\"font-size: 20px;\">Tige tank, \u00fas memmeminske! &#x1f618;<\/span><\/em><\/p><\/div>\n<div class=\"gca-column one-half\"><div style=\"background-color: #87cefa;\">\n<p>&nbsp;<\/p>\n<p><span style=\"font-size: 15pt;\"><span style=\"color: #ffffff;\"><strong><span style=\"font-size: 40pt;\">G<\/span><\/strong><\/span>ekregen van <em><span style=\"text-decoration: underline;\"><a rel=\"noopener\" href=\"http:\/\/www.tidenhawwetiden.nl\/\" target=\"_blank\">ons moeder<\/a><\/span><\/em>.<\/span><\/p>\n<p><span style=\"font-size: 15pt;\">Omdat het mensje ook wel weet dat <em>ons eamel<\/em> daar, met z'n zes- en veertig jaar, zo nu en dan nog best wel eens om moet grijnzen. <span style=\"font-size: 20px;\">&#x1f602;&#x1f602;&#x1f602;<\/span><\/span><\/p>\n<p><span style=\"font-size: 15pt;\">Heel erg bedankt, ons moeder! &#x1f618;<\/span><\/p>\n<p>&nbsp;<\/p>\n<\/div><\/div><div class=\"gca-utility clearfix\"><\/div>\n<hr \/>\n<p><!--more--><\/p>\n<p><img loading=\"lazy\" decoding=\"async\" class=\"aligncenter wp-image-8311\" src=\"https:\/\/www.eamel.net\/blog\/wp-content\/uploads\/2012\/04\/donalddurk_510.jpg\" alt=\"\" width=\"1280\" height=\"956\" srcset=\"https:\/\/www.eamel.net\/blog\/wp-content\/uploads\/2012\/04\/donalddurk_510.jpg 510w, https:\/\/www.eamel.net\/blog\/wp-content\/uploads\/2012\/04\/donalddurk_510-300x224.jpg 300w\" sizes=\"auto, (max-width: 1280px) 100vw, 1280px\" \/><\/p>\n<p><!--more--><\/p>\n<hr \/>\n<p><center>           \r\n            <div id=\"ppv_frame_wrapper63424\" data-lightbox=\"\" class=\"ppv_container \">\r\n\r\n                                <div class=\"ppv-overlay\"><\/div>\r\n                <div class=\"ppv_wrapper\" style=\"position:relative;margin:0 auto;width:100%; height:1210px;\">\r\n                    <span class=\"ppv-lightbox-close\">&times;<\/span>\r\n                                                            <iframe id=\"s_pdf_frame\" src=\"\/\/docs.google.com\/gview?embedded=true&#038;url=https:\/\/www.eamel.net\/blog\/wp-content\/uploads\/2020\/01\/donalddurk_fan_eamelnet_2012.pdf\" style=\"float:left; padding:10px;width:100%; height:1210px;\" frameborder=\"0\"><\/iframe>\r\n                    \r\n                        <\/div>\r\n            <\/div>\r\n            <script>\r\n                \r\n            <\/script>\r\n            <\/center><center><a  data-e-Disable-Page-Transition=\"true\" class=\"download-link\" title=\"\" href=\"http:\/\/www.eamel.net\/blog\/download\/67934\/?tmstv=1777584358\" rel=\"nofollow\" id=\"download-link-67934\" data-redirect=\"false\" >\n\tDonald Duck yn it Frysk\t(88 downloads\t)\n<\/a>\n<\/center><\/p>\n<hr \/>\n<p><em>Donald Durk<\/em> yn it nijs!<\/p>\n<p><strong><span style=\"color: #3366ff;\"><span style=\"text-decoration: underline;\"><a rel=\"noopener noreferrer\" href=\"https:\/\/www.omropfryslan.nl\/nieuws\/60327-eerste-friese-donald-duck\" target=\"_blank\"><span style=\"color: #3366ff; text-decoration: underline;\">Omrop Fryslan<\/span><\/a><\/span>:<\/span><\/strong><\/p>\n<hr \/>\n<p><center><div class=\"epyt-video-wrapper\"><iframe loading=\"lazy\"  style=\"display: block; margin: 0px auto;\"  id=\"_ytid_87164\"  width=\"1280\" height=\"720\"  data-origwidth=\"1280\" data-origheight=\"720\"  data-relstop=\"1\" src=\"https:\/\/www.youtube.com\/embed\/ltImxKvcwxw?enablejsapi=1&origin=https:\/\/www.eamel.net&iv_load_policy=3&autoplay=0&cc_load_policy=0&cc_lang_pref=&loop=0&rel=0&fs=1&playsinline=1&autohide=2&theme=dark&color=red&controls=1&disablekb=0&\" class=\"__youtube_prefs__  no-lazyload\" title=\"YouTube player\"  allow=\"fullscreen; accelerometer; autoplay; clipboard-write; encrypted-media; gyroscope; picture-in-picture; web-share\" referrerpolicy=\"strict-origin-when-cross-origin\" allowfullscreen data-no-lazy=\"1\" data-skipgform_ajax_framebjll=\"\"><\/iframe><\/div><span itemprop=\"video\" itemscope itemtype=\"http:\/\/schema.org\/VideoObject\"><meta itemprop=\"embedUrl\" content=\"https:\/\/www.youtube.com\/embed\/ltImxKvcwxw\"><meta itemprop=\"name\" content=\"\"><meta itemprop=\"description\" content=\"YouTube video\"><meta itemprop=\"thumbnailUrl\" content=\"https:\/\/i.ytimg.com\/vi\/ltImxKvcwxw\/0.jpg\"><meta itemprop=\"duration\" content=\"\"><meta itemprop=\"uploadDate\" content=\"\"><\/span><\/center><\/p>\n<hr \/>\n<p><strong><span style=\"text-decoration: underline;\"><a rel=\"noopener noreferrer\" href=\"https:\/\/www.wikiwand.com\/nl\/GPTV\" target=\"_blank\">GPTV<\/a><\/span> <\/strong>(\u2020)<strong>:<\/strong><\/p>\n<hr \/>\n<p><center><div class=\"epyt-video-wrapper\"><iframe loading=\"lazy\"  style=\"display: block; margin: 0px auto;\"  id=\"_ytid_93146\"  width=\"1280\" height=\"720\"  data-origwidth=\"1280\" data-origheight=\"720\"  data-relstop=\"1\" src=\"https:\/\/www.youtube.com\/embed\/iQvsKTyjp3I?enablejsapi=1&origin=https:\/\/www.eamel.net&iv_load_policy=3&autoplay=0&cc_load_policy=0&cc_lang_pref=&loop=0&rel=0&fs=1&playsinline=1&autohide=2&theme=dark&color=red&controls=1&disablekb=0&\" class=\"__youtube_prefs__  no-lazyload\" title=\"YouTube player\"  allow=\"fullscreen; accelerometer; autoplay; clipboard-write; encrypted-media; gyroscope; picture-in-picture; web-share\" referrerpolicy=\"strict-origin-when-cross-origin\" allowfullscreen data-no-lazy=\"1\" data-skipgform_ajax_framebjll=\"\"><\/iframe><\/div><span itemprop=\"video\" itemscope itemtype=\"http:\/\/schema.org\/VideoObject\"><meta itemprop=\"embedUrl\" content=\"https:\/\/www.youtube.com\/embed\/iQvsKTyjp3I\"><meta itemprop=\"name\" content=\"\"><meta itemprop=\"description\" content=\"YouTube video\"><meta itemprop=\"thumbnailUrl\" content=\"https:\/\/i.ytimg.com\/vi\/iQvsKTyjp3I\/0.jpg\"><meta itemprop=\"duration\" content=\"\"><meta itemprop=\"uploadDate\" content=\"\"><\/span><\/center><center><\/p>\n<hr \/>\n<p><\/center><center><a rel=\"noopener noreferrer\" href=\"https:\/\/www.nu.nl\/media\/2733738\/donald-duck-spreekt-fries.html\" target=\"_blank\"><span style=\"text-decoration: underline;\">NU.nl<\/span><\/a> | <span style=\"text-decoration: underline;\"><a rel=\"noopener noreferrer\" href=\"https:\/\/www.donaldduckweb.nl\/artikelen\/krantenartikelen\/donald-duck-verschijnt-voor-het-eerst-in-het-fries\/\" target=\"_blank\">Donald Duck Web<\/a><\/span> | <a rel=\"noopener noreferrer\" href=\"https:\/\/www.lc.nl\/archief\/Donald-Duck-in-het-Fries-20741267.html\" target=\"_blank\">LC<\/a> | <span style=\"text-decoration: underline;\"><a rel=\"noopener noreferrer\" href=\"https:\/\/www.nrc.nl\/nieuws\/2012\/02\/07\/donald-duck-in-het-fries-in-fleurich-wykbled-1070555-a139487\" target=\"_blank\">NRC<\/a><\/span> | <span style=\"text-decoration: underline;\"><a rel=\"noopener noreferrer\" href=\"https:\/\/onzetaal.nl\/nieuws-en-dossiers\/taalnieuws\/donald-duck-in-het-fries\/\" target=\"_blank\">OnzeTaal<\/a><\/span> | <span style=\"text-decoration: underline;\"><a rel=\"noopener noreferrer\" href=\"https:\/\/www.google.com\/search?q=donal+duck+in+het+fries&amp;oq=donal+duck+in+het+fries&amp;aqs=chrome..69i57.4845j0j1&amp;sourceid=chrome&amp;ie=UTF-8\" target=\"_blank\">en sa mear<\/a><\/span> &#8230;&nbsp;<\/center><center><\/center><center><\/center><\/p>\n","protected":false},"excerpt":{"rendered":"","protected":false},"author":1,"featured_media":77864,"comment_status":"open","ping_status":"open","sticky":false,"template":"","format":"standard","meta":{"_acf_changed":false,"wikipediapreview_detectlinks":true,"passster_activate_protection":false,"passster_protect_child_pages":"","passster_protection_type":"password","passster_password":"","passster_passwords":"","passster_password_list":"","passster_password_lists":"","passster_activate_user_restriction":"","passster_user_restriction_type":"user-role","passster_user_restriction":"no-role","passster_activate_overwrite_defaults":"","passster_headline":"","passster_instruction":"","passster_placeholder":"","passster_button":"","passster_id":"","passster_activate_misc_settings":"","passster_redirect_url":"","passster_hide":"no","passster_area_shortcode":"","ngg_post_thumbnail":0,"footnotes":""},"categories":[1611,34,23,18,219,920,9,1032,107,2724,83,80,1092],"tags":[1651,1115,1654,2725,1120,1127,1129,1130,1655,1137,2392,1159],"class_list":["post-8310","post","type-post","status-publish","format-standard","has-post-thumbnail","hentry","category-1611","category-beeld","category-cool","category-famylje","category-frysk","category-hoera","category-humor","category-hype","category-kunsdt","category-media-document","category-sosjaal","category-thus","category-weemoed-en-melancholie","tag-1651","tag-cool","tag-donald-duck","tag-donald-durk","tag-famylje","tag-frysk","tag-hoera","tag-humor","tag-in-fleurich-frysk-bled","tag-kunsdt","tag-pdf","tag-weemoed-en-melancholie"],"acf":[],"_links":{"self":[{"href":"https:\/\/www.eamel.net\/blog\/wp-json\/wp\/v2\/posts\/8310","targetHints":{"allow":["GET"]}}],"collection":[{"href":"https:\/\/www.eamel.net\/blog\/wp-json\/wp\/v2\/posts"}],"about":[{"href":"https:\/\/www.eamel.net\/blog\/wp-json\/wp\/v2\/types\/post"}],"author":[{"embeddable":true,"href":"https:\/\/www.eamel.net\/blog\/wp-json\/wp\/v2\/users\/1"}],"replies":[{"embeddable":true,"href":"https:\/\/www.eamel.net\/blog\/wp-json\/wp\/v2\/comments?post=8310"}],"version-history":[{"count":0,"href":"https:\/\/www.eamel.net\/blog\/wp-json\/wp\/v2\/posts\/8310\/revisions"}],"wp:featuredmedia":[{"embeddable":true,"href":"https:\/\/www.eamel.net\/blog\/wp-json\/wp\/v2\/media\/77864"}],"wp:attachment":[{"href":"https:\/\/www.eamel.net\/blog\/wp-json\/wp\/v2\/media?parent=8310"}],"wp:term":[{"taxonomy":"category","embeddable":true,"href":"https:\/\/www.eamel.net\/blog\/wp-json\/wp\/v2\/categories?post=8310"},{"taxonomy":"post_tag","embeddable":true,"href":"https:\/\/www.eamel.net\/blog\/wp-json\/wp\/v2\/tags?post=8310"}],"curies":[{"name":"wp","href":"https:\/\/api.w.org\/{rel}","templated":true}]}}