{"id":87809,"date":"2023-12-30T11:25:35","date_gmt":"2023-12-30T10:25:35","guid":{"rendered":"https:\/\/www.eamel.net\/blog\/?p=87809"},"modified":"2024-11-23T02:17:01","modified_gmt":"2024-11-23T01:17:01","slug":"eamels-jaaroverzicht-2023","status":"publish","type":"post","link":"http:\/\/www.eamel.net\/blog\/2023\/12\/30\/eamels-jaaroverzicht-2023\/","title":{"rendered":"Eamel's Jaaroverzicht 2023"},"content":{"rendered":"<div class=\"gca-column one-half first\"><p>&nbsp;<\/p>\n<p><img loading=\"lazy\" decoding=\"async\" class=\"alignleft wp-image-53646\" src=\"https:\/\/www.eamel.net\/blog\/wp-content\/uploads\/2018\/03\/Netherlands-xl.gif\" alt=\"\" width=\"75\" height=\"52\"\/><\/p>\n<span class=\"wpsdc-drop-cap\">D<\/span>e traditie gebiedt me om, net zoals in vorige jaren, alhier een vrolijk <span style=\"text-decoration: underline;\"><a rel=\"noopener\" href=\"https:\/\/www.eamel.net\/blog\/category\/jaaroverzicht\/\" target=\"_blank\">jaaroverzichtje<\/a><\/span> te plaatsen van alle, in dat specifieke jaar geplaatste 'stukjes'.<\/p>\n<p>De goede verstaander heeft het echter allang begrepen; de literaire opbrengst van het huidige jaar is bijzonder karig te noemen. Slechts <span style=\"text-decoration: underline;\"><a rel=\"noopener\" href=\"https:\/\/www.eamel.net\/blog\/category\/2023\/\" target=\"_blank\">vijf schrijfsels<\/a><\/span> hebben deze 364 dagen opgesmeten (zes, als je deze meerekent).<\/p>\n<p>Hoewel ik inmiddels alweer twintig jaar elk overzichtje steevast eindig met de zin<em> 'we gaan ervan uit dat het volgende jaar beter wordt'<\/em>, of een variant daarop, kan ik gerust stellen dat het jaar 2023 toch wel de boeken in gaat als het<em> aller-, \u00e1llerk\u00fatste jaar<\/em> uit het bescheiden leven van <em>ons eamel<\/em>.&nbsp;<\/p>\n<p>Details zal ik je besparen maar, geloof me, als ik zeg dat het -toch nog- v\u00e9\u00e9l te snelle verscheiden van <em>des eamel's<\/em> <span style=\"text-decoration: underline;\"><a rel=\"noopener\" href=\"https:\/\/www.eamel.net\/blog\/?s=Raspin&amp;post_type=post\" target=\"_blank\"><em>Meest Dierbare Vriend Ooit<\/em><\/a><\/span>, er nog het meest heeft ingehakt. Ook n\u00fa kan ik m'n tranen niet bedwingen, want <em>mijn<\/em> vriend, <em>mijn<\/em> schaduw, mijn kind&#8230; <em>Hij is niet meer<\/em>&#8230;&nbsp;<\/p>\n<p><a rel=\"noopener\" href=\"https:\/\/www.eamel.net\/blog\/2017\/08\/06\/sunday-morning-wake-up-service-2\" target=\"_blank\"><img loading=\"lazy\" decoding=\"async\" class=\"aligncenter wp-image-74866\" src=\"https:\/\/www.eamel.net\/blog\/wp-content\/uploads\/2017\/08\/wakeup_1.gif\" alt=\"\" width=\"520\" height=\"520\"\/><\/a><\/p>\n<p>Opgeteld bij een nog altijd broze <del>kanker<\/del> gezondheid en de vermoeiende gevolgen een inmiddels bijna tien jaar durende, juridische strijd (lang verhaal, komt nog wel eens), en je kan je wellicht voorstellen dat het qua energie niet altijd valt op te brengen om wederom een koddig, nikszeggend onzinstukske te componeren.<\/p>\n<p>Natuurlijk, hoogtepunten waren er ook, maar die waren zo hoog dat ik de helft daarvan alweer vergeten ben.&nbsp;<\/p>\n<p>Rest mij slechts nog \u00e9\u00e9n ding:<em> 'we gaan ervan uit dat het komende jaar beter wordt&#8230;'<\/em><\/p><\/div>\n<div class=\"gca-column one-half\"><div style=\"background-color: #6494edff;\">\n<p>&nbsp;<\/p>\n<p><img loading=\"lazy\" decoding=\"async\" class=\"alignleft wp-image-53648\" src=\"https:\/\/www.eamel.net\/blog\/wp-content\/uploads\/2018\/03\/Friesland.gif\" alt=\"\" width=\"75\" height=\"55\"\/><span style=\"color: #ffffff;\"><span class=\"wpsdc-drop-cap\">D<\/span>e tradysje twingt my om, krekt as yn foarige jierren, hjir in fleurich <span style=\"text-decoration: underline;\"><a style=\"color: #ffffff; text-decoration: underline;\" rel=\"noopener\" href=\"https:\/\/www.eamel.net\/blog\/category\/jaaroverzicht\/\" target=\"_blank\">jieroersjoch<\/a><\/span> te pleatsen fan alle, yn dat spesifike jier pleatste 'stikjes'.<\/span><\/p>\n<p><span style=\"color: #ffffff;\">De goede fersteander hat it lykwols al lang begrepen; de liter\u00eare opbringst fan it hjoeddeiske jier is tige skruten te neamen. Mar <span style=\"text-decoration: underline;\"><a style=\"color: #ffffff; text-decoration: underline;\" rel=\"noopener\" href=\"https:\/\/www.eamel.net\/blog\/category\/2023\/\" target=\"_blank\">fiif skriuwsels<\/a><\/span> hawwe dizze 364 dagen opsmiten (seis, ast dizze mearekkenst).<\/span><\/p>\n<p><span style=\"color: #ffffff;\">Hoewol ik yntusken al tweintich jier elk oersjoch steef\u00east einigje mei de sin <em>'we geane derfan \u00fat dat it kommende jier better wurdt'<\/em>, of in fariant d\u00earop, kin ik r\u00eastich stelle dat it jier 2023 dochs wol de boeken yn giet as it <em>alder<\/em>-, alderkutste jier \u00fat it beskieden libben fan <em>\u00fbs eamel<\/em>.<\/span><\/p>\n<p><span style=\"color: #ffffff;\">Details sil ik dy besparje mar, leau my, as ik sis dat it -noch altyd- folle te flugge ferstjerren fan des eamel's <span style=\"text-decoration: underline;\"><a style=\"color: #ffffff; text-decoration: underline;\" rel=\"noopener\" href=\"https:\/\/www.eamel.net\/blog\/?s=Raspin&amp;post_type=post\" target=\"_blank\"><em>Meast Dierbere Freon Ea<\/em><\/a><\/span>, der it measte ynhakt hat. <\/span><\/p>\n<p><span style=\"color: #ffffff;\">Sels no kin ik myn triennen net behearskje, want myn freon, myn skaad, myn bern&#8230; <br \/>\n<em>Hy is net mear<\/em>&#8230;<\/span><\/p>\n<p><center><\/p>\n<div class=\"custom-video-container-520-520\">\n<div style=\"width: 520px;\" class=\"wp-video\"><video class=\"wp-video-shortcode\" id=\"video-87809-1\" width=\"520\" height=\"520\" preload=\"metadata\" controls=\"controls\"><source type=\"video\/mp4\" src=\"https:\/\/www.eamel.net\/blog\/wp-content\/uploads\/2023\/12\/chariots_of_raspin_21_07_2019.mp4?_=1\" \/><a href=\"https:\/\/www.eamel.net\/blog\/wp-content\/uploads\/2023\/12\/chariots_of_raspin_21_07_2019.mp4\">https:\/\/www.eamel.net\/blog\/wp-content\/uploads\/2023\/12\/chariots_of_raspin_21_07_2019.mp4<\/a><\/video><\/div>\n<\/div>\n<p><\/center><\/p>\n<p><span style=\"color: #ffffff;\">By in noch altyd broaze <del>kanker<\/del> s\u00fbnens opteld en de \u00fatputtende gefolgen fan in yntusken hast tsien jier duorjende, juridyske striid (lang ferhaal, komt noch wolris), kinst dy faaks yntinke dat it kwa enerzjy net altyd op te bringen is om wer in snoad, neatsegend onsinsskriuwsel te komponearjen.<\/span><\/p>\n<p><span style=\"color: #ffffff;\">Fansels, hichtepunten wiene der ek, mar dy wiene sa heech dat ik de helte d\u00earfan alwer fergetten bin.<\/span><\/p>\n<p><span style=\"color: #ffffff;\">Rest my noch mar ien ding:<em> 'we geane derfan \u00fat dat it kommende jier better wurdt&#8230;'<\/em><\/span><\/p>\n<p>&nbsp;<\/p>\n<\/div><\/div><div class=\"gca-utility clearfix\"><\/div>\n<p><!--more--><\/p>\n<table id=\"eindejaarstabel2023\" style=\"border-collapse: collapse; width: 1100px; table-layout: fixed;\">\n<tbody>\n<tr>\n<td style=\"padding: 0; width: 550px; height: 600px;\"><a rel=\"noopener\" href=\"https:\/\/www.eamel.net\/blog\/2023\/07\/12\/deit-is-dea-lang-libbet-deit\/\" target=\"_blank\"> <img loading=\"lazy\" decoding=\"async\" class=\"wp-image-90086 size-full\" style=\"width: 100%; height: 100%; object-fit: cover;\" src=\"https:\/\/www.eamel.net\/blog\/wp-content\/uploads\/2023\/12\/eindejaar20230_tsjerkhau.png\" alt=\"\" width=\"600\" height=\"600\" srcset=\"https:\/\/www.eamel.net\/blog\/wp-content\/uploads\/2023\/12\/eindejaar20230_tsjerkhau.png 600w, https:\/\/www.eamel.net\/blog\/wp-content\/uploads\/2023\/12\/eindejaar20230_tsjerkhau-410x410.png 410w, https:\/\/www.eamel.net\/blog\/wp-content\/uploads\/2023\/12\/eindejaar20230_tsjerkhau-200x200.png 200w\" sizes=\"auto, (max-width: 600px) 100vw, 600px\" \/> <\/a><\/td>\n<td style=\"padding: 0; width: 550px; height: 600px;\"><a href=\"https:\/\/www.eamel.net\/blog\/2023\/08\/22\/20-jaar-eamel-net\/\"> <img loading=\"lazy\" decoding=\"async\" class=\"wp-image-90089 size-full\" style=\"width: 100%; height: 100%; object-fit: cover;\" src=\"https:\/\/www.eamel.net\/blog\/wp-content\/uploads\/2023\/12\/eindejaar20230_ballonnen.png\" alt=\"\" width=\"600\" height=\"600\" srcset=\"https:\/\/www.eamel.net\/blog\/wp-content\/uploads\/2023\/12\/eindejaar20230_ballonnen.png 600w, https:\/\/www.eamel.net\/blog\/wp-content\/uploads\/2023\/12\/eindejaar20230_ballonnen-410x410.png 410w, https:\/\/www.eamel.net\/blog\/wp-content\/uploads\/2023\/12\/eindejaar20230_ballonnen-200x200.png 200w\" sizes=\"auto, (max-width: 600px) 100vw, 600px\" \/> <\/a><\/td>\n<\/tr>\n<tr>\n<td style=\"padding: 0; width: 550px; height: 600px;\"><a rel=\"noopener\" href=\"https:\/\/www.eamel.net\/blog\/2023\/08\/31\/rockbitch-pies-love-hedonism-op-t-friese-platteland-1997\/\" target=\"_blank\"> <img loading=\"lazy\" decoding=\"async\" class=\"wp-image-90087 size-full\" style=\"width: 100%; height: 100%; object-fit: cover;\" src=\"https:\/\/www.eamel.net\/blog\/wp-content\/uploads\/2023\/12\/eindejaar20230_rockbitch.png\" alt=\"\" width=\"600\" height=\"600\" srcset=\"https:\/\/www.eamel.net\/blog\/wp-content\/uploads\/2023\/12\/eindejaar20230_rockbitch.png 600w, https:\/\/www.eamel.net\/blog\/wp-content\/uploads\/2023\/12\/eindejaar20230_rockbitch-410x410.png 410w, https:\/\/www.eamel.net\/blog\/wp-content\/uploads\/2023\/12\/eindejaar20230_rockbitch-200x200.png 200w\" sizes=\"auto, (max-width: 600px) 100vw, 600px\" \/> <\/a><\/td>\n<td style=\"padding: 0; width: 550px; height: 600px;\"><a rel=\"noopener\" href=\"https:\/\/www.eamel.net\/blog\/2023\/09\/09\/zo-in-mn-sas-in-euh-strijensas\/\" target=\"_blank\"> <img loading=\"lazy\" decoding=\"async\" class=\"wp-image-90088 size-full\" style=\"width: 100%; height: 100%; object-fit: cover;\" src=\"https:\/\/www.eamel.net\/blog\/wp-content\/uploads\/2023\/12\/eindejaar20230_strijensas.png\" alt=\"\" width=\"600\" height=\"600\" srcset=\"https:\/\/www.eamel.net\/blog\/wp-content\/uploads\/2023\/12\/eindejaar20230_strijensas.png 600w, https:\/\/www.eamel.net\/blog\/wp-content\/uploads\/2023\/12\/eindejaar20230_strijensas-410x410.png 410w, https:\/\/www.eamel.net\/blog\/wp-content\/uploads\/2023\/12\/eindejaar20230_strijensas-200x200.png 200w\" sizes=\"auto, (max-width: 600px) 100vw, 600px\" \/> <\/a><\/td>\n<\/tr>\n<tr>\n<td style=\"padding: 0; width: 550px; height: 600px;\"><a rel=\"noopener\" href=\"https:\/\/www.eamel.net\/blog\/2023\/10\/08\/hadi-karimi-portraits\/\" target=\"_blank\"> <img loading=\"lazy\" decoding=\"async\" class=\"wp-image-90090 size-full\" style=\"width: 100%; height: 100%; object-fit: cover;\" src=\"https:\/\/www.eamel.net\/blog\/wp-content\/uploads\/2023\/12\/8_oktober_2023_hadi_karimi_marilyn2.gif\" alt=\"\" width=\"600\" height=\"600\"\/> <\/a><\/td>\n<td style=\"padding: 0; width: 550px; height: 600px;\"><a rel=\"noopener\" href=\"https:\/\/www.eamel.net\/blog\/2023\/10\/23\/lekke-band-lekke-ban\/\" target=\"_blank\"> <img loading=\"lazy\" decoding=\"async\" class=\"wp-image-90091 size-full\" style=\"width: 100%; height: 100%; object-fit: cover;\" src=\"https:\/\/www.eamel.net\/blog\/wp-content\/uploads\/2023\/12\/eindejaar20230_autoband.png\" alt=\"\" width=\"600\" height=\"600\" srcset=\"https:\/\/www.eamel.net\/blog\/wp-content\/uploads\/2023\/12\/eindejaar20230_autoband.png 600w, https:\/\/www.eamel.net\/blog\/wp-content\/uploads\/2023\/12\/eindejaar20230_autoband-410x410.png 410w, https:\/\/www.eamel.net\/blog\/wp-content\/uploads\/2023\/12\/eindejaar20230_autoband-200x200.png 200w\" sizes=\"auto, (max-width: 600px) 100vw, 600px\" \/> <\/a><\/td>\n<\/tr>\n<\/tbody>\n<\/table>\n<p>&nbsp;<\/p>\n<p><img loading=\"lazy\" decoding=\"async\" class=\"aligncenter size-full wp-image-65298\" src=\"https:\/\/www.eamel.net\/blog\/wp-content\/uploads\/2020\/04\/divider-logo-1.png\" alt=\"\" width=\"750\" height=\"85\" srcset=\"https:\/\/www.eamel.net\/blog\/wp-content\/uploads\/2020\/04\/divider-logo-1.png 750w, https:\/\/www.eamel.net\/blog\/wp-content\/uploads\/2020\/04\/divider-logo-1-300x34.png 300w, https:\/\/www.eamel.net\/blog\/wp-content\/uploads\/2020\/04\/divider-logo-1-636x72.png 636w, https:\/\/www.eamel.net\/blog\/wp-content\/uploads\/2020\/04\/divider-logo-1-600x68.png 600w\" sizes=\"auto, (max-width: 750px) 100vw, 750px\" \/><\/p>\n<div class=\"gca-column one-half first\"><p>&nbsp;<\/p>\n<p><img loading=\"lazy\" decoding=\"async\" class=\"alignleft wp-image-53646\" src=\"https:\/\/www.eamel.net\/blog\/wp-content\/uploads\/2018\/03\/Netherlands-xl.gif\" alt=\"\" width=\"75\" height=\"52\"\/><\/p>\n<p><span class=\"penci-dropcap-box-outline\">D<\/span>esalniettemin wens ik u een jaar glanzend en vol zegen in 2024, dat het licht van voorspoed uw pad verlicht, en elke vorm van tegenslag \u2014financieel, lichamelijk, binnen de familie, of in de kring van vrienden\u2014als rijm op ijs smelt onder de warmte van geluk en houvast.<em> Amen.<\/em><\/p><\/div>\n<div class=\"gca-column one-half\"><div style=\"background-color: #6494edff;\">\n<p>&nbsp;<\/p>\n<p><img loading=\"lazy\" decoding=\"async\" class=\"alignleft wp-image-53648\" src=\"https:\/\/www.eamel.net\/blog\/wp-content\/uploads\/2018\/03\/Friesland.gif\" alt=\"\" width=\"75\" height=\"55\"\/><\/p>\n<p><span style=\"color: #ffffff;\"><span class=\"penci-dropcap-box-outline\">L<\/span>ikegoed winskje ik jo ny dizzen in jier gl\u00e2nzjend en fol segen yn 2024, dat it ljocht fan foarspoed jo pad ferljochtet, en elke foarm fan tsjinstuit \u2014finansjeel, lichaamlik, binnen de famylje, of yn de kring fan freonen\u2014als rimen iis smelt \u00fbnder de waarmte fan gelok en h\u00e2ldf\u00east.<em> Amen.<\/em><\/span><\/p>\n<p>&nbsp;<\/p>\n<\/div><\/div><div class=\"gca-utility clearfix\"><\/div>\n","protected":false},"excerpt":{"rendered":"","protected":false},"author":1,"featured_media":88205,"comment_status":"open","ping_status":"open","sticky":false,"template":"","format":"standard","meta":{"_acf_changed":false,"wikipediapreview_detectlinks":true,"passster_activate_protection":false,"passster_protect_child_pages":"","passster_protection_type":"password","passster_password":"","passster_passwords":"","passster_password_list":"","passster_password_lists":"","passster_activate_user_restriction":"","passster_user_restriction_type":"user-role","passster_user_restriction":"no-role","passster_activate_overwrite_defaults":"","passster_headline":"","passster_instruction":"","passster_placeholder":"","passster_button":"","passster_id":"","passster_activate_misc_settings":"","passster_redirect_url":"","passster_hide":"no","passster_area_shortcode":"","ngg_post_thumbnail":0,"footnotes":""},"categories":[3951,34,1100,3957,1610,1535,1092],"tags":[],"class_list":["post-87809","post","type-post","status-publish","format-standard","has-post-thumbnail","hentry","category-3951","category-beeld","category-eindejaarsbericht","category-galery","category-jaaroverzicht","category-jierwiksel","category-weemoed-en-melancholie"],"acf":[],"_links":{"self":[{"href":"https:\/\/www.eamel.net\/blog\/wp-json\/wp\/v2\/posts\/87809","targetHints":{"allow":["GET"]}}],"collection":[{"href":"https:\/\/www.eamel.net\/blog\/wp-json\/wp\/v2\/posts"}],"about":[{"href":"https:\/\/www.eamel.net\/blog\/wp-json\/wp\/v2\/types\/post"}],"author":[{"embeddable":true,"href":"https:\/\/www.eamel.net\/blog\/wp-json\/wp\/v2\/users\/1"}],"replies":[{"embeddable":true,"href":"https:\/\/www.eamel.net\/blog\/wp-json\/wp\/v2\/comments?post=87809"}],"version-history":[{"count":0,"href":"https:\/\/www.eamel.net\/blog\/wp-json\/wp\/v2\/posts\/87809\/revisions"}],"wp:featuredmedia":[{"embeddable":true,"href":"https:\/\/www.eamel.net\/blog\/wp-json\/wp\/v2\/media\/88205"}],"wp:attachment":[{"href":"https:\/\/www.eamel.net\/blog\/wp-json\/wp\/v2\/media?parent=87809"}],"wp:term":[{"taxonomy":"category","embeddable":true,"href":"https:\/\/www.eamel.net\/blog\/wp-json\/wp\/v2\/categories?post=87809"},{"taxonomy":"post_tag","embeddable":true,"href":"https:\/\/www.eamel.net\/blog\/wp-json\/wp\/v2\/tags?post=87809"}],"curies":[{"name":"wp","href":"https:\/\/api.w.org\/{rel}","templated":true}]}}